{"id":1240,"date":"2018-11-25T21:09:29","date_gmt":"2018-11-25T21:09:29","guid":{"rendered":"http:\/\/skstudenec.cz\/?p=1240"},"modified":"2018-11-25T21:09:29","modified_gmt":"2018-11-25T21:09:29","slug":"mladi-studenecti-fotbaliste-ve-vyssich-soutezich","status":"publish","type":"post","link":"http:\/\/skstudenec.cz\/index.php\/fotbal\/mladi-studenecti-fotbaliste-ve-vyssich-soutezich\/","title":{"rendered":"Mlad\u00ed studene\u010dt\u00ed fotbalist\u00e9 ve vy\u0161\u0161\u00edch sout\u011b\u017e\u00edch"},"content":{"rendered":"<div id=\"id_5bfb0df5acebd9c75808170\" class=\"text_exposed_root text_exposed\">\n<p>Linda Zahradn\u00edkov\u00e1 m\u011bla na programu poh\u00e1rov\u00e9 utk\u00e1n\u00ed, kde Spar\u0165anky porazily t\u00fdm ABC Bran\u00edk 4:0 a Linda se pod\u00edlela jedn\u00edm g\u00f3lem z 39.minuty.<\/p>\n<p>Maty\u00e1\u0161 Hrub\u00fd si zahr\u00e1l druh\u00fd polo\u010das z\u00e1pasu proti Dynamu \u010cesk\u00e9 Bud\u011bjovice a g\u00f3lem z 86. min. uzav\u0159el sk\u00f3re na v\u00edt\u011bzn\u00fdch 5:1. Po polovin\u011b sez\u00f3ny Slavia U16 vede tabulku \u010cLD U 17 A o 10 bod\u016f. N\u00e1sledovat budou dal\u0161\u00ed p\u0159\u00e1telsk\u00e1 utk\u00e1n\u00ed (Opava, Slov\u00e1cko, Dukla) a sez\u00f3nu zakon\u010d\u00ed turnaj v \u017dilin\u011b 7.-9.12.2018<\/p>\n<p><span class=\"text_exposed_hide\">&#8230;<\/span><\/p>\n<div class=\"text_exposed_show\">\n<p>Pepa Efenberk nebyl u prohry Dukly na h\u0159i\u0161ti Zbrojovky Brno v celost\u00e1tn\u00ed sout\u011b\u017ei U17. Dukla na moravsk\u00fd klub nesta\u010dila a prohr\u00e1la 4:2. Snad se Pepa ji\u017e brzy vyl\u00e9\u010d\u00ed z &#8222;vir\u00f3zky&#8220; a pom\u016f\u017ee v jarn\u00ed \u010d\u00e1sti sez\u00f3ny posunout sv\u016fj t\u00fdm z 11.m\u00edsta po podzimu.<\/p>\n<p>T\u011bsn\u00e9 v\u00edt\u011bzstv\u00ed 1:0 si p\u0159ipsal Jablonec v \u010cDD U 17 nad t\u00fdmem z Chomutova. Kapit\u00e1nem t\u00fdmu byl Ev\u017een Mal\u00fd, kter\u00fd s Danem Jandurou odehr\u00e1l cel\u00fd z\u00e1pas. Zas\u00e1hl tak\u00e9 Vojta Reiner v 63.min. Nikdo z borc\u016f se g\u00f3lov\u011b neprosadil. Po podzimn\u00ed \u010d\u00e1sti se zastavili na 6.m\u00edst\u011b tabulky.<\/p>\n<p>Honza \u0160tefan a Roman Hub\u00e1lovsk\u00fd jsou v \u010cD\u017d U 14 C po podzimn\u00ed \u010d\u00e1sti na 3.m\u00edst\u011b.<\/p>\n<\/div>\n<p>Martin Hrub\u00fd<\/p>\n<\/div>\n","protected":false},"excerpt":{"rendered":"<p>Linda Zahradn\u00edkov\u00e1 m\u011bla na programu poh\u00e1rov\u00e9 utk\u00e1n\u00ed, kde Spar\u0165anky porazily t\u00fdm ABC Bran\u00edk 4:0 a Linda se pod\u00edlela jedn\u00edm g\u00f3lem z 39.minuty. Maty\u00e1\u0161 Hrub\u00fd si zahr\u00e1l druh\u00fd polo\u010das z\u00e1pasu proti Dynamu \u010cesk\u00e9 Bud\u011bjovice a g\u00f3lem z 86. min. uzav\u0159el sk\u00f3re na v\u00edt\u011bzn\u00fdch 5:1. Po polovin\u011b sez\u00f3ny Slavia U16 vede tabulku<span class=\"more-link\"><a href=\"http:\/\/skstudenec.cz\/index.php\/fotbal\/mladi-studenecti-fotbaliste-ve-vyssich-soutezich\/\">V\u00cdCE<\/a><\/span><\/p>\n","protected":false},"author":5,"featured_media":1241,"comment_status":"closed","ping_status":"open","sticky":false,"template":"","format":"standard","meta":{"footnotes":""},"categories":[4],"tags":[],"_links":{"self":[{"href":"http:\/\/skstudenec.cz\/index.php\/wp-json\/wp\/v2\/posts\/1240"}],"collection":[{"href":"http:\/\/skstudenec.cz\/index.php\/wp-json\/wp\/v2\/posts"}],"about":[{"href":"http:\/\/skstudenec.cz\/index.php\/wp-json\/wp\/v2\/types\/post"}],"author":[{"embeddable":true,"href":"http:\/\/skstudenec.cz\/index.php\/wp-json\/wp\/v2\/users\/5"}],"replies":[{"embeddable":true,"href":"http:\/\/skstudenec.cz\/index.php\/wp-json\/wp\/v2\/comments?post=1240"}],"version-history":[{"count":1,"href":"http:\/\/skstudenec.cz\/index.php\/wp-json\/wp\/v2\/posts\/1240\/revisions"}],"predecessor-version":[{"id":1242,"href":"http:\/\/skstudenec.cz\/index.php\/wp-json\/wp\/v2\/posts\/1240\/revisions\/1242"}],"wp:featuredmedia":[{"embeddable":true,"href":"http:\/\/skstudenec.cz\/index.php\/wp-json\/wp\/v2\/media\/1241"}],"wp:attachment":[{"href":"http:\/\/skstudenec.cz\/index.php\/wp-json\/wp\/v2\/media?parent=1240"}],"wp:term":[{"taxonomy":"category","embeddable":true,"href":"http:\/\/skstudenec.cz\/index.php\/wp-json\/wp\/v2\/categories?post=1240"},{"taxonomy":"post_tag","embeddable":true,"href":"http:\/\/skstudenec.cz\/index.php\/wp-json\/wp\/v2\/tags?post=1240"}],"curies":[{"name":"wp","href":"https:\/\/api.w.org\/{rel}","templated":true}]}}