{"id":1251,"date":"2018-12-07T19:30:49","date_gmt":"2018-12-07T19:30:49","guid":{"rendered":"http:\/\/skstudenec.cz\/?p=1251"},"modified":"2018-12-07T19:30:49","modified_gmt":"2018-12-07T19:30:49","slug":"mladi-studenecti-fotbaliste-ve-vyssich-soutezich-ii","status":"publish","type":"post","link":"http:\/\/skstudenec.cz\/index.php\/fotbal\/mladi-studenecti-fotbaliste-ve-vyssich-soutezich-ii\/","title":{"rendered":"Mlad\u00ed studene\u010dt\u00ed fotbalist\u00e9 ve vy\u0161\u0161\u00edch sout\u011b\u017e\u00edch II"},"content":{"rendered":"<p>Slavia Praha odehr\u00e1la v sobotu dv\u011b cel\u00e1 utk\u00e1n\u00ed v r\u00e1mci Memori\u00e1lu Vlastislava Mare\u010dka. Maty\u00e1\u0161 Hrub\u00fd m\u011bl v prvn\u00edm z\u00e1pase proti Dukle Praha od 10\u00b0\u00b0h prostor do 65.min, kdy sta\u010dil vst\u0159elit dv\u011b branky a p\u0159ipsal si asistenci. Sl\u00e1via Vyhr\u00e1la 4:1. Ve 14\u00b0\u00b0h nastoupilo na UMT v Edenu mu\u017estvo Slov\u00e1cka. Po hern\u011b vyrovnan\u00e9m z\u00e1pase ale Sl\u00e1via zopakovala dopoledn\u00ed v\u00fdsledek 4:1. Maty\u00e1\u0161 nastoupil na z\u00e1v\u011bre\u010dn\u00fdch 15min a asi<span class=\"text_exposed_hide\">&#8230;<\/span><span class=\"text_exposed_show\">stoval u posledn\u00edho g\u00f3lu Langhamera..<\/span><\/p>\n<div class=\"text_exposed_show\">\n<p>Pepa Efenberk se vr\u00e1til po vir\u00f3zce a odehr\u00e1l posledn\u00edch 15 minut proti nejmenovan\u00e9mu mu\u017estvu fotbalov\u00e9 akademie z \u010c\u00edny. Utk\u00e1n\u00ed se hr\u00e1lo v tr\u00e9ninkov\u00e9m centru v Nymburce a Dukla Praha vyhr\u00e1la jasn\u011b 8:2.<\/p>\n<p>Vojta Reiner a Dan Jandura odehr\u00e1li cel\u00fd z\u00e1pas proti Mlad\u00e9 Boleslavi rovn\u011b\u017e v memori\u00e1lu Vlastislava Mare\u010dka. Ev\u017een Mal\u00fd zas\u00e1hl na polo\u010das. Ani g\u00f3l Dana nesta\u010dil na v\u00fdhru a po t\u0159ech penalt\u00e1ch, kter\u00e9 soupe\u0159 prom\u011bnil se sk\u00f3re zastavilo na 6:2 ve prosp\u011bch borc\u016f z m\u011bsta automobil\u016f&#8230;<\/p>\n<p>Martin Hrub\u00fd<\/p>\n<\/div>\n","protected":false},"excerpt":{"rendered":"<p>Slavia Praha odehr\u00e1la v sobotu dv\u011b cel\u00e1 utk\u00e1n\u00ed v r\u00e1mci Memori\u00e1lu Vlastislava Mare\u010dka. Maty\u00e1\u0161 Hrub\u00fd m\u011bl v prvn\u00edm z\u00e1pase proti Dukle Praha od 10\u00b0\u00b0h prostor do 65.min, kdy sta\u010dil vst\u0159elit dv\u011b branky a p\u0159ipsal si asistenci. Sl\u00e1via Vyhr\u00e1la 4:1. Ve 14\u00b0\u00b0h nastoupilo na UMT v Edenu mu\u017estvo Slov\u00e1cka. Po hern\u011b<span class=\"more-link\"><a href=\"http:\/\/skstudenec.cz\/index.php\/fotbal\/mladi-studenecti-fotbaliste-ve-vyssich-soutezich-ii\/\">V\u00cdCE<\/a><\/span><\/p>\n","protected":false},"author":5,"featured_media":0,"comment_status":"closed","ping_status":"open","sticky":false,"template":"","format":"standard","meta":{"footnotes":""},"categories":[4],"tags":[],"_links":{"self":[{"href":"http:\/\/skstudenec.cz\/index.php\/wp-json\/wp\/v2\/posts\/1251"}],"collection":[{"href":"http:\/\/skstudenec.cz\/index.php\/wp-json\/wp\/v2\/posts"}],"about":[{"href":"http:\/\/skstudenec.cz\/index.php\/wp-json\/wp\/v2\/types\/post"}],"author":[{"embeddable":true,"href":"http:\/\/skstudenec.cz\/index.php\/wp-json\/wp\/v2\/users\/5"}],"replies":[{"embeddable":true,"href":"http:\/\/skstudenec.cz\/index.php\/wp-json\/wp\/v2\/comments?post=1251"}],"version-history":[{"count":1,"href":"http:\/\/skstudenec.cz\/index.php\/wp-json\/wp\/v2\/posts\/1251\/revisions"}],"predecessor-version":[{"id":1252,"href":"http:\/\/skstudenec.cz\/index.php\/wp-json\/wp\/v2\/posts\/1251\/revisions\/1252"}],"wp:attachment":[{"href":"http:\/\/skstudenec.cz\/index.php\/wp-json\/wp\/v2\/media?parent=1251"}],"wp:term":[{"taxonomy":"category","embeddable":true,"href":"http:\/\/skstudenec.cz\/index.php\/wp-json\/wp\/v2\/categories?post=1251"},{"taxonomy":"post_tag","embeddable":true,"href":"http:\/\/skstudenec.cz\/index.php\/wp-json\/wp\/v2\/tags?post=1251"}],"curies":[{"name":"wp","href":"https:\/\/api.w.org\/{rel}","templated":true}]}}