{"id":1309,"date":"2019-03-04T08:24:11","date_gmt":"2019-03-04T08:24:11","guid":{"rendered":"http:\/\/skstudenec.cz\/?p=1309"},"modified":"2019-03-04T08:41:00","modified_gmt":"2019-03-04T08:41:00","slug":"posledni-medailemi-z-jeseniku","status":"publish","type":"post","link":"http:\/\/skstudenec.cz\/index.php\/oos\/posledni-medailemi-z-jeseniku\/","title":{"rendered":"Posledn\u00ed medaile dom\u00e1c\u00ed sez\u00f3ny z Jesen\u00edk\u016f"},"content":{"rendered":"<p>Sez\u00f3na 2019 ly\u017ea\u0159sk\u00e9ho orienta\u010dn\u00edho b\u011bhu skon\u010dila o v\u00edkendu 2. a 3. b\u0159ezna 2019 v Nov\u00e9 Vsi u R\u00fdma\u0159ova. Na programu bylo sobotn\u00ed Mistrovstv\u00ed \u010cR na klasick\u00e9 trati, ned\u011bln\u00ed Mistrovstv\u00ed \u0161tafet a \u010cesk\u00fd poh\u00e1r ve sprintu. Studeneck\u00e1 miniv\u00fdprava p\u0159ivezla celkem 6 medailov\u00fdch um\u00edst\u011bn\u00ed.<\/p>\n<p><!--more-->Sn\u011bhov\u011b bohat\u00e1 zima skon\u010dila akor\u00e1t v\u010das, aby v prostoru z\u00e1vodu z\u016fstal dostatek sn\u011bhu na kvalitn\u00ed z\u00e1vody. Po dlouh\u00e9 dob\u011b bez sn\u011b\u017een\u00ed bylo v lese na vrtsv\u011b star\u00e9ho firnu spousta jehli\u010d\u00ed a v\u011btvi\u010dek, ale standartn\u011b udr\u017eovan\u00e9 trat\u011b, louky a stopy, kde se poda\u0159ilo tuhle vrstvu strhnout nab\u00eddla dobr\u00e9 ly\u017eov\u00e1n\u00ed.<\/p>\n<p>V sobotu se jela n\u00e1ro\u010dn\u00e1 klasika s dlouh\u00fdmi ly\u017ea\u0159sk\u00fdmi p\u0159ejezdy. Medaile byly dv\u011b, Ver\u010da Gallov\u00e1 v juniork\u00e1ch a Petr Junek v nejmlad\u0161\u00edch veter\u00e1nech.<\/p>\n<p><strong>V\u00fdsledky M\u010cR na klasick\u00e9 trati &#8211; sobota 2. b\u0159ezna 2019:<\/strong><\/p>\n<p>Kategorie: D17<br \/>\n1.Macholdov\u00e1 Tereza (KOS Slavia Plze\u0148) 45:42<br \/>\n5.Chr\u00e1stov\u00e1 Tereza (SK Studenec) 51:21 (+ 5:39)<br \/>\nCelkem 36 z\u00e1vodn\u00edk\u016f.<\/p>\n<p>Kategorie: D20<br \/>\n1.Hlav\u00e1\u010dov\u00e1 Ane\u017eka (KOS TJ Tesla Brno) 68:19<br \/>\n2.Gallov\u00e1 Veronika (SK Studenec) 75:03 (+ 6:44)<br \/>\nCelkem 5 z\u00e1vodn\u00edk\u016f.<\/p>\n<p>Kategorie: H17<br \/>\n1.Hasman Marek (KOS Slavia Plze\u0148) 52:40<br \/>\n4.\u0160tefan V\u00edt (SK Studenec) 54:00 (+ 1:20)<br \/>\nCelkem 34 z\u00e1vodn\u00edk\u016f.<\/p>\n<p>Kategorie: H35<br \/>\n1.\u0160t\u011bp\u00e1nek Martin (KOS TJ Tesla Brno) 75:11<br \/>\n3.Junek Petr (SK Studenec) 85:06 (+ 9:55)<br \/>\n12.Pu\u0161 Roman (SK Studenec) 122:24 (+ 47:13)<br \/>\nCelkem 20 z\u00e1vodn\u00edk\u016f.<\/p>\n<p>Kategorie: H45<br \/>\n1.Schwab David (KOS TJ Tesla Brno) 67:55<br \/>\n11.Chr\u00e1st Tom\u00e1\u0161 (SK Studenec) 91:44 (+ 23:49)<br \/>\nCelkem 20 z\u00e1vodn\u00edk\u016f.<\/p>\n<p>V z\u00e1vod\u011b \u0161tafet jsme postavili dv\u011b \u0161tafety. Bohu\u017eel ob\u011b \u0161tafety jely ve sv\u00e9 kategorii mimo sout\u011b\u017e. V jednom p\u0159\u00edpad\u011b nedostatkem z\u00e1vodn\u00edk\u016f, ve druh\u00e9m p\u0159\u00edpad\u011b d\u00edky moment\u00e1ln\u00ed po\u010dt\u00e1\u0159sk\u00e9 indispozici vedouc\u00edho v\u00fdpravy. V\u00fdpo\u010det (2019-1978)+(2019-1974)+(2019-1975) bohu\u017eel nen\u00ed v\u00edce ne\u017e 135, tak\u017ee jsme byli na na\u0161i kategorii p\u0159\u00edli\u0161 mlad\u00ed \ud83d\ude42<\/p>\n<p>V odpoledn\u00edm sprintu jsme u\u017e prol\u00e9tli kousek stop na louk\u00e1ch na za\u010d\u00e1tku trati a to nejzaj\u00edmav\u011bj\u0161\u00ed v lese a mohli vyrazit na cestu z Jesen\u00edk\u016f zp\u00e1tky do Studence. Medailov\u00e1 um\u00edst\u011bn\u00ed byla tentokr\u00e1t \u010dty\u0159i.<\/p>\n<p><strong>V\u00fdsledky &#8211; \u010cesk\u00fd poh\u00e1r sprint &#8211; ned\u011ble 3. b\u0159ezna 2019:<\/strong><\/p>\n<p>Kategorie: D17A<br \/>\n1.Macholdov\u00e1 Tereza (KOS Slavia Plze\u0148) 18:51<br \/>\n2.Chr\u00e1stov\u00e1 Tereza (SK Studenec) 19:55 (+ 1:04)<br \/>\nCelkem 35 z\u00e1vodn\u00edk\u016f.<\/p>\n<p>Kategorie: D20A<br \/>\n1.Hlav\u00e1\u010dov\u00e1 Ane\u017eka (KOS TJ Tesla Brno) 22:00<br \/>\n2.Gallov\u00e1 Veronika (SK Studenec) 25:16 (+ 3:16)<br \/>\nCelkem 5 z\u00e1vodn\u00edk\u016f.<\/p>\n<p>Kategorie: H17A<br \/>\n1.Richtr Luk\u00e1\u0161 (KOS Slavia Plze\u0148) 20:15<br \/>\n3.\u0160tefan V\u00edt (SK Studenec) 21:05 (+ 0:50)<br \/>\nCelkem 32 z\u00e1vodn\u00edk\u016f.<\/p>\n<p>Kategorie: H35B<br \/>\n1.\u0160t\u011bp\u00e1nek Martin (KOS TJ Tesla Brno) 23:32<br \/>\n2.Junek Petr (SK Studenec) 24:51 (+ 1:19)<br \/>\n12.Pu\u0161 Roman (SK Studenec) 37:43 (+ 14:11)<br \/>\nCelkem 16 z\u00e1vodn\u00edk\u016f.<\/p>\n<p>Kategorie: H45B<br \/>\n1.Schwab David (KOS TJ Tesla Brno) 23:25<br \/>\n5.Chr\u00e1st Tom\u00e1\u0161 (SK Studenec) 27:11 (+ 3:46)<br \/>\nCelkem 13 z\u00e1vodn\u00edk\u016f.<\/p>\n\n\t\t\t<div id=\"1309-1\" class=\"gallery gallery-1309 gallery-col-3 gallery-columns-3 gallery-size-thumbnail\" itemscope itemtype=\"https:\/\/schema.org\/ImageGallery\">\n\t\t\t\t\t<figure class='gallery-item col-3' itemprop='associatedMedia' itemscope itemtype='https:\/\/schema.org\/ImageObject'>\n\t\t\t\t\t\t<div class='gallery-icon landscape'><a href='http:\/\/skstudenec.cz\/wp-content\/uploads\/2019\/03\/IMG_20190302_144413-e1551687894897.jpg' itemprop=\"contentURL\"><img width=\"150\" height=\"150\" src=\"http:\/\/skstudenec.cz\/wp-content\/uploads\/2019\/03\/IMG_20190302_144413-150x150.jpg\" class=\"attachment-thumbnail size-thumbnail\" alt=\"\" decoding=\"async\" loading=\"lazy\" itemprop=\"thumbnail\" \/><\/a><\/div>\n\t\t\t\t\t<\/figure>\n\t\t\t\t\t<figure class='gallery-item col-3' itemprop='associatedMedia' itemscope itemtype='https:\/\/schema.org\/ImageObject'>\n\t\t\t\t\t\t<div class='gallery-icon landscape'><a href='http:\/\/skstudenec.cz\/wp-content\/uploads\/2019\/03\/IMG_20190303_160449-e1551687910821.jpg' itemprop=\"contentURL\"><img width=\"150\" height=\"150\" src=\"http:\/\/skstudenec.cz\/wp-content\/uploads\/2019\/03\/IMG_20190303_160449-150x150.jpg\" class=\"attachment-thumbnail size-thumbnail\" alt=\"\" decoding=\"async\" loading=\"lazy\" itemprop=\"thumbnail\" \/><\/a><\/div>\n\t\t\t\t\t<\/figure>\n\t\t\t\t\t<figure class='gallery-item col-3' itemprop='associatedMedia' itemscope itemtype='https:\/\/schema.org\/ImageObject'>\n\t\t\t\t\t\t<div class='gallery-icon landscape'><a href='http:\/\/skstudenec.cz\/wp-content\/uploads\/2019\/03\/IMG_20190303_160757-e1551687926522.jpg' itemprop=\"contentURL\"><img width=\"150\" height=\"150\" src=\"http:\/\/skstudenec.cz\/wp-content\/uploads\/2019\/03\/IMG_20190303_160757-150x150.jpg\" class=\"attachment-thumbnail size-thumbnail\" alt=\"\" decoding=\"async\" loading=\"lazy\" itemprop=\"thumbnail\" \/><\/a><\/div>\n\t\t\t\t\t<\/figure>\n\t\t\t\t\t<figure class='gallery-item col-3' itemprop='associatedMedia' itemscope itemtype='https:\/\/schema.org\/ImageObject'>\n\t\t\t\t\t\t<div class='gallery-icon landscape'><a href='http:\/\/skstudenec.cz\/wp-content\/uploads\/2019\/03\/2019_03_04-7_29-Office-Lens-e1551687940247.jpg' itemprop=\"contentURL\"><img width=\"150\" height=\"150\" src=\"http:\/\/skstudenec.cz\/wp-content\/uploads\/2019\/03\/2019_03_04-7_29-Office-Lens-150x150.jpg\" class=\"attachment-thumbnail size-thumbnail\" alt=\"\" decoding=\"async\" loading=\"lazy\" itemprop=\"thumbnail\" \/><\/a><\/div>\n\t\t\t\t\t<\/figure>\n\t\t\t\t\t<figure class='gallery-item col-3' itemprop='associatedMedia' itemscope itemtype='https:\/\/schema.org\/ImageObject'>\n\t\t\t\t\t\t<div class='gallery-icon landscape'><a href='http:\/\/skstudenec.cz\/wp-content\/uploads\/2019\/03\/2019_03_04-7_30-Office-Lens-e1551687956938.jpg' itemprop=\"contentURL\"><img width=\"150\" height=\"150\" src=\"http:\/\/skstudenec.cz\/wp-content\/uploads\/2019\/03\/2019_03_04-7_30-Office-Lens-150x150.jpg\" class=\"attachment-thumbnail size-thumbnail\" alt=\"\" decoding=\"async\" loading=\"lazy\" itemprop=\"thumbnail\" \/><\/a><\/div>\n\t\t\t\t\t<\/figure>\n\t\t\t\t\t<figure class='gallery-item col-3' itemprop='associatedMedia' itemscope itemtype='https:\/\/schema.org\/ImageObject'>\n\t\t\t\t\t\t<div class='gallery-icon landscape'><a href='http:\/\/skstudenec.cz\/wp-content\/uploads\/2019\/03\/2019_03_04-7_31-Office-Lens-e1551687972385.jpg' itemprop=\"contentURL\"><img width=\"150\" height=\"150\" src=\"http:\/\/skstudenec.cz\/wp-content\/uploads\/2019\/03\/2019_03_04-7_31-Office-Lens-150x150.jpg\" class=\"attachment-thumbnail size-thumbnail\" alt=\"\" decoding=\"async\" loading=\"lazy\" itemprop=\"thumbnail\" \/><\/a><\/div>\n\t\t\t\t\t<\/figure>\n\t\t\t<\/div><!-- .gallery -->\n\n<p>&nbsp;<\/p>\n","protected":false},"excerpt":{"rendered":"<p>Sez\u00f3na 2019 ly\u017ea\u0159sk\u00e9ho orienta\u010dn\u00edho b\u011bhu skon\u010dila o v\u00edkendu 2. a 3. b\u0159ezna 2019 v Nov\u00e9 Vsi u R\u00fdma\u0159ova. Na programu bylo sobotn\u00ed Mistrovstv\u00ed \u010cR na klasick\u00e9 trati, ned\u011bln\u00ed Mistrovstv\u00ed \u0161tafet a \u010cesk\u00fd poh\u00e1r ve sprintu. Studeneck\u00e1 miniv\u00fdprava p\u0159ivezla celkem 6 medailov\u00fdch um\u00edst\u011bn\u00ed.<span class=\"more-link\"><a href=\"http:\/\/skstudenec.cz\/index.php\/oos\/posledni-medailemi-z-jeseniku\/\">V\u00cdCE<\/a><\/span><\/p>\n","protected":false},"author":1,"featured_media":1304,"comment_status":"closed","ping_status":"open","sticky":false,"template":"","format":"standard","meta":{"footnotes":""},"categories":[3],"tags":[],"_links":{"self":[{"href":"http:\/\/skstudenec.cz\/index.php\/wp-json\/wp\/v2\/posts\/1309"}],"collection":[{"href":"http:\/\/skstudenec.cz\/index.php\/wp-json\/wp\/v2\/posts"}],"about":[{"href":"http:\/\/skstudenec.cz\/index.php\/wp-json\/wp\/v2\/types\/post"}],"author":[{"embeddable":true,"href":"http:\/\/skstudenec.cz\/index.php\/wp-json\/wp\/v2\/users\/1"}],"replies":[{"embeddable":true,"href":"http:\/\/skstudenec.cz\/index.php\/wp-json\/wp\/v2\/comments?post=1309"}],"version-history":[{"count":5,"href":"http:\/\/skstudenec.cz\/index.php\/wp-json\/wp\/v2\/posts\/1309\/revisions"}],"predecessor-version":[{"id":1317,"href":"http:\/\/skstudenec.cz\/index.php\/wp-json\/wp\/v2\/posts\/1309\/revisions\/1317"}],"wp:featuredmedia":[{"embeddable":true,"href":"http:\/\/skstudenec.cz\/index.php\/wp-json\/wp\/v2\/media\/1304"}],"wp:attachment":[{"href":"http:\/\/skstudenec.cz\/index.php\/wp-json\/wp\/v2\/media?parent=1309"}],"wp:term":[{"taxonomy":"category","embeddable":true,"href":"http:\/\/skstudenec.cz\/index.php\/wp-json\/wp\/v2\/categories?post=1309"},{"taxonomy":"post_tag","embeddable":true,"href":"http:\/\/skstudenec.cz\/index.php\/wp-json\/wp\/v2\/tags?post=1309"}],"curies":[{"name":"wp","href":"https:\/\/api.w.org\/{rel}","templated":true}]}}