{"id":1421,"date":"2019-04-04T20:09:46","date_gmt":"2019-04-04T20:09:46","guid":{"rendered":"http:\/\/skstudenec.cz\/?p=1421"},"modified":"2019-04-04T20:12:13","modified_gmt":"2019-04-04T20:12:13","slug":"starsi-zaci-vstoupili-do-sezony-vitezne-fk-jablonec-sk-studenec-23-22","status":"publish","type":"post","link":"http:\/\/skstudenec.cz\/index.php\/fotbal\/starsi-zaci-vstoupili-do-sezony-vitezne-fk-jablonec-sk-studenec-23-22\/","title":{"rendered":"Star\u0161\u00ed \u017e\u00e1ci vstoupili do sez\u00f3ny v\u00edt\u011bzn\u011b, FK Jablonec \u2013 SK Studenec  2:3 (2:2)"},"content":{"rendered":"<p>(21\u2019, 29\u2019 : 5\u2019 a 13\u2019 Dany Me\u010d\u00ed\u0159, 40\u2019 Kuba Junek).<\/p>\n<p>Star\u0161\u00ed \u017e\u00e1ci vstoupili do sez\u00f3ny na h\u0159i\u0161ti druh\u00e9ho t\u00fdmu sout\u011b\u017ee \u2013 FK Jablonec. Soupe\u0159 tentokr\u00e1t nastoupil s\u00a0o jeden rok mlad\u0161\u00edm t\u00fdmem: ro\u010dn\u00edky 2005 a 2006. Kluci vstoupili do z\u00e1pasu v\u00fdborn\u011b. Dany Me\u010d\u00ed\u0159 nejprve vyu\u017eil zav\u00e1h\u00e1n\u00ed obrany a po dlouh\u00e9m pasu chladnokrevn\u011b prom\u011bnil samostatn\u00fd n\u00e1jezd. Druh\u00fd g\u00f3l pro stejn\u00e9ho hr\u00e1\u010de p\u0159ipravil n\u00e1dhern\u011b p\u0159ihr\u00e1vkou p\u0159ed odkrytou branku Kuba Junek a po \u010dtvrt hodin\u011b jsme vedli 2-0! Soupe\u0159 v\u00a0druh\u00e9 polovin\u011b prvn\u00edho polo\u010dasu zp\u0159esnil kombinaci a po standardn\u00ed situaci sn\u00ed\u017eil. N\u00e1sledn\u011b mohl zv\u00fd\u0161it op\u011bt po chybn\u00e9m vyb\u011bhnut\u00ed brank\u00e1\u0159e Dany M., ale st\u0159ela z\u00a0d\u00e1lky do pr\u00e1zdn\u00e9 branky skon\u010dila na ty\u010di. Soupe\u0159 n\u00e1s potrestal a po \u201ez\u00e1varu\u201c p\u0159ed brankou do polo\u010dasu vyrovnal. V\u00a0\u00favodu druh\u00e9ho polo\u010dasu p\u0159idal po n\u00e1dhern\u00e9 kombinaci t\u0159et\u00ed branku Kuba Junek. Po zbytek z\u00e1pasu byl Jablonec lep\u0161\u00ed v\u00a0dr\u017een\u00ed m\u00ed\u010de. V\u00a0z\u00e1v\u011bre\u010dn\u00e9m tlaku soupe\u0159 nast\u0159elil 2x ty\u010d a skv\u011bl\u00fdm z\u00e1krokem se v\u00a0na\u0161\u00ed brance vyznamenal Adam Vancl. My jsme vyr\u00e1\u017eeli do nebezpe\u010dn\u00fdch brejk\u016f, po jednom z\u00a0nich mohl veden\u00ed zv\u00fd\u0161it \u0160imon Ulvr, ale i jeho st\u0159ela skon\u010dila na ty\u010di. Cenn\u00e9 v\u00edt\u011bzstv\u00ed proti soupe\u0159i z\u00a0\u010dela tabulky se n\u00e1m ale poda\u0159ilo ubr\u00e1nit.<\/p>\n<p>Tren\u00e9ry velmi pot\u011b\u0161il v\u00fdkon cel\u00e9ho mu\u017estva. Obrana hr\u00e1la skv\u011ble a soupe\u0159e nepou\u0161t\u011bla do \u0161anc\u00ed. (Vedle tradi\u010dn\u00edch opor Toma Zike\u0161e a Kuby \u0160im\u00e1\u010dka si v\u00a0obran\u011b odbyla v\u00fdte\u010dn\u00fd debut i K\u00e1ja Hu\u0159\u0165\u00e1kov\u00e1). Kr\u00e1sn\u00e9 kombinace (\u010dasto proti p\u0159esile soupe\u0159\u016f) a efektivn\u00ed zakon\u010den\u00ed p\u0159edvedli i ofenzivn\u00ed hr\u00e1\u010di. Jen tak d\u00e1l &#8211; ji\u017e tuto ned\u011bli n\u00e1s \u010dek\u00e1 vedouc\u00ed t\u00fdm krajsk\u00e9ho p\u0159eboru &#8211; FK Turnov!<\/p>\n<p>&nbsp;<\/p>\n<p>Pavel Me\u010d\u00ed\u0159<\/p>\n","protected":false},"excerpt":{"rendered":"<p>(21\u2019, 29\u2019 : 5\u2019 a 13\u2019 Dany Me\u010d\u00ed\u0159, 40\u2019 Kuba Junek). Star\u0161\u00ed \u017e\u00e1ci vstoupili do sez\u00f3ny na h\u0159i\u0161ti druh\u00e9ho t\u00fdmu sout\u011b\u017ee \u2013 FK Jablonec. Soupe\u0159 tentokr\u00e1t nastoupil s\u00a0o jeden rok mlad\u0161\u00edm t\u00fdmem: ro\u010dn\u00edky 2005 a 2006. Kluci vstoupili do z\u00e1pasu v\u00fdborn\u011b. Dany Me\u010d\u00ed\u0159 nejprve vyu\u017eil zav\u00e1h\u00e1n\u00ed obrany a po dlouh\u00e9m<span class=\"more-link\"><a href=\"http:\/\/skstudenec.cz\/index.php\/fotbal\/starsi-zaci-vstoupili-do-sezony-vitezne-fk-jablonec-sk-studenec-23-22\/\">V\u00cdCE<\/a><\/span><\/p>\n","protected":false},"author":5,"featured_media":0,"comment_status":"closed","ping_status":"open","sticky":false,"template":"","format":"standard","meta":{"footnotes":""},"categories":[4,13],"tags":[],"_links":{"self":[{"href":"http:\/\/skstudenec.cz\/index.php\/wp-json\/wp\/v2\/posts\/1421"}],"collection":[{"href":"http:\/\/skstudenec.cz\/index.php\/wp-json\/wp\/v2\/posts"}],"about":[{"href":"http:\/\/skstudenec.cz\/index.php\/wp-json\/wp\/v2\/types\/post"}],"author":[{"embeddable":true,"href":"http:\/\/skstudenec.cz\/index.php\/wp-json\/wp\/v2\/users\/5"}],"replies":[{"embeddable":true,"href":"http:\/\/skstudenec.cz\/index.php\/wp-json\/wp\/v2\/comments?post=1421"}],"version-history":[{"count":3,"href":"http:\/\/skstudenec.cz\/index.php\/wp-json\/wp\/v2\/posts\/1421\/revisions"}],"predecessor-version":[{"id":1424,"href":"http:\/\/skstudenec.cz\/index.php\/wp-json\/wp\/v2\/posts\/1421\/revisions\/1424"}],"wp:attachment":[{"href":"http:\/\/skstudenec.cz\/index.php\/wp-json\/wp\/v2\/media?parent=1421"}],"wp:term":[{"taxonomy":"category","embeddable":true,"href":"http:\/\/skstudenec.cz\/index.php\/wp-json\/wp\/v2\/categories?post=1421"},{"taxonomy":"post_tag","embeddable":true,"href":"http:\/\/skstudenec.cz\/index.php\/wp-json\/wp\/v2\/tags?post=1421"}],"curies":[{"name":"wp","href":"https:\/\/api.w.org\/{rel}","templated":true}]}}