{"id":1519,"date":"2019-04-08T16:55:20","date_gmt":"2019-04-08T16:55:20","guid":{"rendered":"http:\/\/skstudenec.cz\/?p=1519"},"modified":"2019-04-08T16:57:52","modified_gmt":"2019-04-08T16:57:52","slug":"terka-v-dansku-s-jrd","status":"publish","type":"post","link":"http:\/\/skstudenec.cz\/index.php\/oos\/terka-v-dansku-s-jrd\/","title":{"rendered":"Terka v D\u00e1nsku s JRD"},"content":{"rendered":"<p>Na p\u0159elomu b\u0159ezna a dubna jsem byla s juniorskou reprezentac\u00ed v D\u00e1nsku na soust\u0159ed\u011bn\u00ed. V p\u00e1tek brzo r\u00e1no jsme vyj\u00ed\u017ed\u011bli z Prahy sm\u011br Rostock, odkud jsme jeli trajektem do Gedseru a pak u\u017e do Tisvilde. O v\u00edkendu se v Tisvilde konaly z\u00e1vody Danish spring. V sobotu se b\u011b\u017eela kr\u00e1tk\u00e1 tra\u0165 a jeliko\u017e to byl m\u016fj leto\u0161n\u00ed prvn\u00ed z\u00e1vod a druh\u00fd mapov\u00fd &#8222;tr\u00e9nink&#8220; tak jsem skon\u010dila na 38.m\u00edst\u011b, ale byla jsem s t\u00edm hodn\u011b spokojen\u00e1. V ned\u011bli byla klasika. B\u011b\u017eela jsem sv\u016fj nejdel\u0161\u00ed z\u00e1vod v \u017eivot\u011b a skon\u010dila jsem 22, co\u017e bylo pro m\u011b p\u0159ekvapen\u00ed \u017ee se mi to tak povedlo. V ned\u011bli odpoledne jsme se p\u0159esunuli na pevninskou \u010d\u00e1st D\u00e1nska do Silkeborgu kde jsme m\u011bli 4 tr\u00e9ninky v lese. Kombotech, kopcovit\u00e9 okruhy, middle a 1.\u00fasek \u0161tafet. Ka\u017ed\u00fd tr\u00e9nink byl n\u011b\u010d\u00edm specifick\u00fd, a\u0165 u\u017e azimuty, hustn\u00edky nebo po\u0159adn\u00fdmi kopci, kter\u00e9 bych nev\u011b\u0159ila \u017ee v D\u00e1nsku jsou. Ve st\u0159edu jsme se p\u0159esunuli do Aarhusu kde jsme m\u011bli dva sprintov\u00e9 tr\u00e9ninky v parku u botanick\u00e9 zahrady a pak ve zdej\u0161\u00edm univerzitn\u00edm kampusu a v okoln\u00edm parku. Pak jsme se stavili na ob\u011bd\u011b v Ikee a hur\u00e1 dom\u016f.<\/p>\n<p>Terka Chr\u00e1stov\u00e1<\/p>\n<p><a href=\"http:\/\/skstudenec.cz\/wp-content\/uploads\/2019\/04\/img_0161.jpg\"><img decoding=\"async\" loading=\"lazy\" class=\"alignnone wp-image-1514 size-thumbnail\" src=\"http:\/\/skstudenec.cz\/wp-content\/uploads\/2019\/04\/img_0161-150x150.jpg\" alt=\"\" width=\"150\" height=\"150\" \/><\/a><a href=\"http:\/\/skstudenec.cz\/wp-content\/uploads\/2019\/04\/img_0162.jpg\"><img decoding=\"async\" loading=\"lazy\" class=\"alignnone wp-image-1513 size-thumbnail\" src=\"http:\/\/skstudenec.cz\/wp-content\/uploads\/2019\/04\/img_0162-150x150.jpg\" alt=\"\" width=\"150\" height=\"150\" \/><\/a><a href=\"http:\/\/skstudenec.cz\/wp-content\/uploads\/2019\/04\/img_0166.jpg\"><img decoding=\"async\" loading=\"lazy\" class=\"alignnone wp-image-1516 size-thumbnail\" src=\"http:\/\/skstudenec.cz\/wp-content\/uploads\/2019\/04\/img_0166-150x150.jpg\" alt=\"\" width=\"150\" height=\"150\" \/><\/a><a href=\"http:\/\/skstudenec.cz\/wp-content\/uploads\/2019\/04\/img_0165.jpg\"><img decoding=\"async\" loading=\"lazy\" class=\"alignnone wp-image-1515 size-thumbnail\" src=\"http:\/\/skstudenec.cz\/wp-content\/uploads\/2019\/04\/img_0165-150x150.jpg\" alt=\"\" width=\"150\" height=\"150\" \/><\/a><a href=\"http:\/\/skstudenec.cz\/wp-content\/uploads\/2019\/04\/img_0164.jpg\"><img decoding=\"async\" loading=\"lazy\" class=\"alignnone wp-image-1517 size-thumbnail\" src=\"http:\/\/skstudenec.cz\/wp-content\/uploads\/2019\/04\/img_0164-150x150.jpg\" alt=\"\" width=\"150\" height=\"150\" \/><\/a><a href=\"http:\/\/skstudenec.cz\/wp-content\/uploads\/2019\/04\/img_0163.jpg\"><img decoding=\"async\" loading=\"lazy\" class=\"alignnone wp-image-1518 size-thumbnail\" src=\"http:\/\/skstudenec.cz\/wp-content\/uploads\/2019\/04\/img_0163-150x150.jpg\" alt=\"\" width=\"150\" height=\"150\" \/><\/a><\/p>\n","protected":false},"excerpt":{"rendered":"<p>Na p\u0159elomu b\u0159ezna a dubna jsem byla s juniorskou reprezentac\u00ed v D\u00e1nsku na soust\u0159ed\u011bn\u00ed. V p\u00e1tek brzo r\u00e1no jsme vyj\u00ed\u017ed\u011bli z Prahy sm\u011br Rostock, odkud jsme jeli trajektem do Gedseru a pak u\u017e do Tisvilde. O v\u00edkendu se v Tisvilde konaly z\u00e1vody Danish spring. V sobotu se b\u011b\u017eela kr\u00e1tk\u00e1 tra\u0165<span class=\"more-link\"><a href=\"http:\/\/skstudenec.cz\/index.php\/oos\/terka-v-dansku-s-jrd\/\">V\u00cdCE<\/a><\/span><\/p>\n","protected":false},"author":7,"featured_media":1514,"comment_status":"closed","ping_status":"open","sticky":false,"template":"","format":"standard","meta":{"footnotes":""},"categories":[3],"tags":[],"_links":{"self":[{"href":"http:\/\/skstudenec.cz\/index.php\/wp-json\/wp\/v2\/posts\/1519"}],"collection":[{"href":"http:\/\/skstudenec.cz\/index.php\/wp-json\/wp\/v2\/posts"}],"about":[{"href":"http:\/\/skstudenec.cz\/index.php\/wp-json\/wp\/v2\/types\/post"}],"author":[{"embeddable":true,"href":"http:\/\/skstudenec.cz\/index.php\/wp-json\/wp\/v2\/users\/7"}],"replies":[{"embeddable":true,"href":"http:\/\/skstudenec.cz\/index.php\/wp-json\/wp\/v2\/comments?post=1519"}],"version-history":[{"count":3,"href":"http:\/\/skstudenec.cz\/index.php\/wp-json\/wp\/v2\/posts\/1519\/revisions"}],"predecessor-version":[{"id":1522,"href":"http:\/\/skstudenec.cz\/index.php\/wp-json\/wp\/v2\/posts\/1519\/revisions\/1522"}],"wp:featuredmedia":[{"embeddable":true,"href":"http:\/\/skstudenec.cz\/index.php\/wp-json\/wp\/v2\/media\/1514"}],"wp:attachment":[{"href":"http:\/\/skstudenec.cz\/index.php\/wp-json\/wp\/v2\/media?parent=1519"}],"wp:term":[{"taxonomy":"category","embeddable":true,"href":"http:\/\/skstudenec.cz\/index.php\/wp-json\/wp\/v2\/categories?post=1519"},{"taxonomy":"post_tag","embeddable":true,"href":"http:\/\/skstudenec.cz\/index.php\/wp-json\/wp\/v2\/tags?post=1519"}],"curies":[{"name":"wp","href":"https:\/\/api.w.org\/{rel}","templated":true}]}}