{"id":1732,"date":"2019-05-19T19:13:42","date_gmt":"2019-05-19T19:13:42","guid":{"rendered":"http:\/\/skstudenec.cz\/?p=1732"},"modified":"2019-05-20T08:04:09","modified_gmt":"2019-05-20T08:04:09","slug":"sprintovy-vikend-2krat-mcr","status":"publish","type":"post","link":"http:\/\/skstudenec.cz\/index.php\/oos\/sprintovy-vikend-2krat-mcr\/","title":{"rendered":"Sprintov\u00fd v\u00edkend &#8211; 2kr\u00e1t M\u010cR"},"content":{"rendered":"<p>Letos se s ro\u010dn\u00ed pauzou do programu z\u00e1vod\u016f vr\u00e1til kompletn\u00ed sprintov\u00fd v\u00edkend. Po\u0159\u00e1d\u00e1n\u00ed m\u011bl na starost odd\u00edl OK Lokomotiva Pardubice a na oba dny vy\u0161lo moc p\u011bkn\u00e9 po\u010das\u00ed.<\/p>\n<p>Sobota pat\u0159ila individu\u00e1ln\u00edmu M\u010cR ve Sprintu. B\u011b\u017eelo se ve m\u011bst\u011b \u010c\u00e1slav. Centrum z\u00e1vodu bylo na m\u00edstn\u00edm atletick\u00e9m stadionu, kde b\u011bhaly hv\u011bzdy jako nap\u0159\u00edklad Jarmila Kratochv\u00edlov\u00e1 Ludmila Formanov\u00e1. Z\u00e1vod startoval v historick\u00e9m centru m\u011bsta, pokra\u010dovalo se v okoln\u00edch parc\u00edch, \u010d\u00e1st ve vilov\u00e9 z\u00e1stavb\u011b a n\u00e1sledovalo bloud\u011bn\u00ed mezi ploty u atletick\u00e9ho are\u00e1lu a p\u00e1r lesn\u00edch kontrol (pro sprint dost neobvykl\u00fdch) ve svahu nad shroma\u017edi\u0161t\u011bm.<\/p>\n<p>My si z \u010c\u00e1slavi odv\u00e1\u017e\u00edme dv\u011b nepopul\u00e1rn\u00ed \u010dtvrt\u00e1 m\u00edsta. Dv\u011b vte\u0159iny za medail\u00ed skon\u010dila Terka Chr\u00e1stov\u00e1 ve star\u0161\u00edch dorostenk\u00e1ch (loni prvn\u00ed v D16) a \u00fapln\u011b stejn\u00fd odstup od t\u0159et\u00edho m\u00edsta a \u00fapln\u011b stejnou bramboru si sv\u00fdm v\u00fdkonem vyslou\u017eil Petr Junek v kategorii H40. Skv\u011ble b\u011b\u017eeli Jan\u010da Kejmarov\u00e1 v D18 (12.) a Luky Link v H18 (14.) Oba si tak samoz\u0159ejm\u011b zajistili licenci A na p\u0159\u00ed\u0161t\u00ed rok.<\/p>\n<p>Druh\u00fd den se d\u011bn\u00ed p\u0159esunulo do Pardubic, konkr\u00e9tn\u011b do m\u011bstsk\u00e9 \u010d\u00e1sti Polabiny III. Na programu bylo Mistrovstv\u00ed \u010cR ve sprintov\u00fdch \u0161tafet\u00e1ch. Z\u00e1vod se b\u011b\u017eel v odli\u0161n\u00e9m ter\u00e9nu ne\u017e sprint a i trat\u011b byly dost jin\u00e9 &#8211; podle v\u011bt\u0161iny z\u00e1vodn\u00edk\u016f zaj\u00edmav\u011bj\u0161\u00ed. Sprintov\u00e9 \u0161tafety se b\u011bhaj\u00ed ve slo\u017een\u00ed DHHD a sm\u011brn\u00fd \u010das ka\u017ed\u00e9ho \u00faseku byl okolo 15minut. B\u011b\u017eelo se z \u010d\u00e1sti na klasick\u00e9m s\u00eddli\u0161ti, v prostoru mate\u0159sk\u00e9 \u0161kolky, na louk\u00e1ch okolo slep\u00e9ho ramene Labe, ale taky v are\u00e1lu BMX. Nejd\u0159\u00edve tedy z\u00e1vodn\u00edci absolvovali dost rychlou \u010d\u00e1st a n\u00e1sledovala mapov\u011b obt\u00ed\u017en\u011bj\u0161\u00ed mezi p\u0159ek\u00e1\u017ekami pr\u00e1v\u011b v are\u00e1lu BMX.<\/p>\n<p>Studenec postavil na tento z\u00e1vod 3 \u0161tafety.<\/p>\n<p>Jako prvn\u00ed se na start vydali dorostenci. Na\u0161e stafeta b\u011b\u017eela ve slo\u017een\u00ed Vanda V\u00e1vrov\u00e1, V\u00edtek \u0160tefan, Luky Link a Terka Chr\u00e1stov\u00e1. Ji\u017e od za\u010d\u00e1tku b\u011b\u017eeli na velmi dobr\u00e9 um\u00edst\u011bn\u00ed. Vanda zal\u00edtla \u00fapln\u011b neskute\u010dn\u011b, vedla ji\u017e na prvn\u00edm r\u00e1diu a na p\u0159ed\u00e1vce byla na d\u011blen\u00e9m prvn\u00edm m\u00edst\u011b se \u0161tafetou ZBM. V\u00edtek to na druh\u00e9m \u00faseku nem\u011bl v\u016fbec lehk\u00e9 mezi fyzicky velmi dob\u0159e vybaven\u00fdmi soupe\u0159i. Mapov\u011b to ale kr\u00e1sn\u011b ust\u00e1l a p\u0159ed\u00e1val 7. Luky si vedl skv\u011ble, st\u00e1hl n\u011bjak\u00e9 ty p\u0159\u00ed\u010dky a p\u0159ed\u00e1val na 4. m\u00edst\u011b s minim\u00e1ln\u00edm odstupem od medaile. Nejt\u011b\u017e\u0161\u00ed \u00fakol m\u011bla Terka na posledn\u00edm \u00faseku. B\u011b\u017eela mezi sam\u00fdma sprinterkama, ale st\u00e1le se dr\u017eela okolo 3-4. m\u00edsta. Nevyvarovala se jedn\u00e9 chybky a ve fini\u0161i m\u011bla proti sob\u011b nelehkou soupe\u0159ku. Nakonec dorostenci skon\u010dili na kr\u00e1sn\u00e9m 6. m\u00edst\u011b (5. z \u010desk\u00fdch \u0161tafet), co\u017e je ur\u010dit\u011b skv\u011bl\u00e9 um\u00edst\u011bn\u00ed. Ale jak \u0159ekl n\u00e1\u0161 tren\u00e9r &#8230; N\u011bco tomu st\u00e1le chyb\u00ed.. \u017ee by medaile?<\/p>\n<p>N\u00e1sledoval z\u00e1vod dosp\u011bl\u00fdch a ve 12:15 startovali veter\u00e1ni. Podpora veter\u00e1n\u016f byla dle m\u00e9ho n\u00e1zoru podobn\u011b velk\u00e1 jako u z\u00e1vod\u016f mistrovsk\u00fdch kategori\u00ed. Z ka\u017ed\u00e9 strany se b\u011bhem jejich z\u00e1vodu oz\u00fdvalo: \u201cMami poj\u010f, tati poj\u010f!\u201d Na\u0161e \u0161tafeta v DH140 si nevedla v\u016fbec \u0161patn\u011b, dob\u011bhli si pro 8. p\u0159\u00ed\u010dku. Druh\u00e1 \u0161tafeta Studeneck\u00fdch veter\u00e1n\u016f v DH180 byla 21.<\/p>\n<p>V\u00fdsledky sprintu:<\/p>\n<p>Kategorie: D18<br \/>\n1.Sem\u00edkov\u00e1 Lucie, \u0160afkov\u00e1 Sofie (OK Kamenice) 13:56<br \/>\n4.Chr\u00e1stov\u00e1 Tereza (SK Studenec) 14:12 (+ 0:16)<br \/>\n12.Kejmarov\u00e1 Jana (SK Studenec) 15:14 (+ 1:18)<br \/>\nCelkem 53 z\u00e1vodn\u00edk\u016f.<\/p>\n<p>Kategorie: D20<br \/>\n1.Jano\u0161\u00edkova Tereza (SK Severka \u0160umperk) 12:23<br \/>\n22.Hrn\u010d\u00ed\u0159ov\u00e1 Magda (SK Studenec) 17:32 (+ 5:09)<br \/>\nCelkem 31 z\u00e1vodn\u00edk\u016f.<\/p>\n<p>Kategorie: D45<br \/>\n1.Chupekov\u00e1 Silvia (Sl\u00e1via \u017dU \u017dilina) 14:16<br \/>\n30.Junkov\u00e1 Kate\u0159ina (SK Studenec) 21:04 (+ 6:48)<br \/>\nCelkem 45 z\u00e1vodn\u00edk\u016f.<\/p>\n<p>Kategorie: H18<br \/>\n1.J\u00f3n\u00e1s Ferenc (Hungary Orienteering Team) 12:29<br \/>\n14.Link Luk\u00e1\u0161 (SK Studenec) 13:51 (+ 1:22)<br \/>\n39.\u0160tefan V\u00edt (SK Studenec) 15:40 (+ 3:11)<br \/>\nCelkem 52 z\u00e1vodn\u00edk\u016f.<\/p>\n<p>Kategorie: H40<br \/>\n1.Mat\u011bj\u016f Michal (Slavia Liberec orienteering) 13:16<br \/>\n4.Junek Petr (SK Studenec) 13:32 (+ 0:16)<br \/>\nCelkem 27 z\u00e1vodn\u00edk\u016f.<\/p>\n<p>Kategorie: H45<br \/>\n1.Ondr\u00e1\u010dek Radim (V\u0160TJ Ekonom Praha) 11:56<br \/>\n24.Chr\u00e1st Tom\u00e1\u0161 (SK Studenec) 16:47 (+ 4:51)<br \/>\nCelkem 54 z\u00e1vodn\u00edk\u016f.<\/p>\n<p>Kategorie: H60<br \/>\n1.V\u00e1clavek Tom\u00e1\u0161 (SK SKI-OB \u0160ternberk) 10:29<br \/>\n21.Junek Petr (SK Studenec) 20:22 (+ 9:53)<br \/>\nCelkem 25 z\u00e1vodn\u00edk\u016f.<\/p>\n<p><img decoding=\"async\" loading=\"lazy\" class=\"size-full wp-image-1740\" src=\"http:\/\/skstudenec.cz\/wp-content\/uploads\/2019\/05\/img_0772.jpg\" width=\"4032\" height=\"3024\" srcset=\"http:\/\/skstudenec.cz\/wp-content\/uploads\/2019\/05\/img_0772.jpg 4032w, http:\/\/skstudenec.cz\/wp-content\/uploads\/2019\/05\/img_0772-300x225.jpg 300w, http:\/\/skstudenec.cz\/wp-content\/uploads\/2019\/05\/img_0772-768x576.jpg 768w, http:\/\/skstudenec.cz\/wp-content\/uploads\/2019\/05\/img_0772-1024x768.jpg 1024w, http:\/\/skstudenec.cz\/wp-content\/uploads\/2019\/05\/img_0772-465x349.jpg 465w, http:\/\/skstudenec.cz\/wp-content\/uploads\/2019\/05\/img_0772-667x500.jpg 667w\" sizes=\"(max-width: 4032px) 100vw, 4032px\" \/><img decoding=\"async\" loading=\"lazy\" class=\"size-full wp-image-1739\" src=\"http:\/\/skstudenec.cz\/wp-content\/uploads\/2019\/05\/img_0768.jpg\" width=\"4032\" height=\"3024\" srcset=\"http:\/\/skstudenec.cz\/wp-content\/uploads\/2019\/05\/img_0768.jpg 4032w, http:\/\/skstudenec.cz\/wp-content\/uploads\/2019\/05\/img_0768-300x225.jpg 300w, http:\/\/skstudenec.cz\/wp-content\/uploads\/2019\/05\/img_0768-768x576.jpg 768w, http:\/\/skstudenec.cz\/wp-content\/uploads\/2019\/05\/img_0768-1024x768.jpg 1024w, http:\/\/skstudenec.cz\/wp-content\/uploads\/2019\/05\/img_0768-465x349.jpg 465w, http:\/\/skstudenec.cz\/wp-content\/uploads\/2019\/05\/img_0768-667x500.jpg 667w\" sizes=\"(max-width: 4032px) 100vw, 4032px\" \/><img decoding=\"async\" loading=\"lazy\" class=\"size-full wp-image-1736\" src=\"http:\/\/skstudenec.cz\/wp-content\/uploads\/2019\/05\/img_0762.jpg\" width=\"4032\" height=\"3024\" srcset=\"http:\/\/skstudenec.cz\/wp-content\/uploads\/2019\/05\/img_0762.jpg 4032w, http:\/\/skstudenec.cz\/wp-content\/uploads\/2019\/05\/img_0762-300x225.jpg 300w, http:\/\/skstudenec.cz\/wp-content\/uploads\/2019\/05\/img_0762-768x576.jpg 768w, http:\/\/skstudenec.cz\/wp-content\/uploads\/2019\/05\/img_0762-1024x768.jpg 1024w, http:\/\/skstudenec.cz\/wp-content\/uploads\/2019\/05\/img_0762-465x349.jpg 465w, http:\/\/skstudenec.cz\/wp-content\/uploads\/2019\/05\/img_0762-667x500.jpg 667w\" sizes=\"(max-width: 4032px) 100vw, 4032px\" \/><img decoding=\"async\" loading=\"lazy\" class=\"size-full wp-image-1738\" src=\"http:\/\/skstudenec.cz\/wp-content\/uploads\/2019\/05\/img_0761.jpg\" width=\"4032\" height=\"3024\" srcset=\"http:\/\/skstudenec.cz\/wp-content\/uploads\/2019\/05\/img_0761.jpg 4032w, http:\/\/skstudenec.cz\/wp-content\/uploads\/2019\/05\/img_0761-300x225.jpg 300w, http:\/\/skstudenec.cz\/wp-content\/uploads\/2019\/05\/img_0761-768x576.jpg 768w, http:\/\/skstudenec.cz\/wp-content\/uploads\/2019\/05\/img_0761-1024x768.jpg 1024w, http:\/\/skstudenec.cz\/wp-content\/uploads\/2019\/05\/img_0761-465x349.jpg 465w, http:\/\/skstudenec.cz\/wp-content\/uploads\/2019\/05\/img_0761-667x500.jpg 667w\" sizes=\"(max-width: 4032px) 100vw, 4032px\" \/><img decoding=\"async\" loading=\"lazy\" class=\"size-full wp-image-1742\" src=\"http:\/\/skstudenec.cz\/wp-content\/uploads\/2019\/05\/img_0753.jpg\" width=\"4032\" height=\"3024\" srcset=\"http:\/\/skstudenec.cz\/wp-content\/uploads\/2019\/05\/img_0753.jpg 4032w, http:\/\/skstudenec.cz\/wp-content\/uploads\/2019\/05\/img_0753-300x225.jpg 300w, http:\/\/skstudenec.cz\/wp-content\/uploads\/2019\/05\/img_0753-768x576.jpg 768w, http:\/\/skstudenec.cz\/wp-content\/uploads\/2019\/05\/img_0753-1024x768.jpg 1024w, http:\/\/skstudenec.cz\/wp-content\/uploads\/2019\/05\/img_0753-465x349.jpg 465w, http:\/\/skstudenec.cz\/wp-content\/uploads\/2019\/05\/img_0753-667x500.jpg 667w\" sizes=\"(max-width: 4032px) 100vw, 4032px\" \/><img decoding=\"async\" loading=\"lazy\" class=\"size-full wp-image-1744\" src=\"http:\/\/skstudenec.cz\/wp-content\/uploads\/2019\/05\/img_0737.jpg\" width=\"4032\" height=\"3024\" \/><img decoding=\"async\" loading=\"lazy\" class=\"size-full wp-image-1743\" src=\"http:\/\/skstudenec.cz\/wp-content\/uploads\/2019\/05\/img_0738.jpg\" width=\"4032\" height=\"3024\" \/><\/p>\n","protected":false},"excerpt":{"rendered":"<p>Letos se s ro\u010dn\u00ed pauzou do programu z\u00e1vod\u016f vr\u00e1til kompletn\u00ed sprintov\u00fd v\u00edkend. Po\u0159\u00e1d\u00e1n\u00ed m\u011bl na starost odd\u00edl OK Lokomotiva Pardubice a na oba dny vy\u0161lo moc p\u011bkn\u00e9 po\u010das\u00ed. Sobota pat\u0159ila individu\u00e1ln\u00edmu M\u010cR ve Sprintu. B\u011b\u017eelo se ve m\u011bst\u011b \u010c\u00e1slav. Centrum z\u00e1vodu bylo na m\u00edstn\u00edm atletick\u00e9m stadionu, kde b\u011bhaly hv\u011bzdy jako<span class=\"more-link\"><a href=\"http:\/\/skstudenec.cz\/index.php\/oos\/sprintovy-vikend-2krat-mcr\/\">V\u00cdCE<\/a><\/span><\/p>\n","protected":false},"author":7,"featured_media":1736,"comment_status":"closed","ping_status":"open","sticky":false,"template":"","format":"standard","meta":{"footnotes":""},"categories":[3],"tags":[],"_links":{"self":[{"href":"http:\/\/skstudenec.cz\/index.php\/wp-json\/wp\/v2\/posts\/1732"}],"collection":[{"href":"http:\/\/skstudenec.cz\/index.php\/wp-json\/wp\/v2\/posts"}],"about":[{"href":"http:\/\/skstudenec.cz\/index.php\/wp-json\/wp\/v2\/types\/post"}],"author":[{"embeddable":true,"href":"http:\/\/skstudenec.cz\/index.php\/wp-json\/wp\/v2\/users\/7"}],"replies":[{"embeddable":true,"href":"http:\/\/skstudenec.cz\/index.php\/wp-json\/wp\/v2\/comments?post=1732"}],"version-history":[{"count":15,"href":"http:\/\/skstudenec.cz\/index.php\/wp-json\/wp\/v2\/posts\/1732\/revisions"}],"predecessor-version":[{"id":1754,"href":"http:\/\/skstudenec.cz\/index.php\/wp-json\/wp\/v2\/posts\/1732\/revisions\/1754"}],"wp:featuredmedia":[{"embeddable":true,"href":"http:\/\/skstudenec.cz\/index.php\/wp-json\/wp\/v2\/media\/1736"}],"wp:attachment":[{"href":"http:\/\/skstudenec.cz\/index.php\/wp-json\/wp\/v2\/media?parent=1732"}],"wp:term":[{"taxonomy":"category","embeddable":true,"href":"http:\/\/skstudenec.cz\/index.php\/wp-json\/wp\/v2\/categories?post=1732"},{"taxonomy":"post_tag","embeddable":true,"href":"http:\/\/skstudenec.cz\/index.php\/wp-json\/wp\/v2\/tags?post=1732"}],"curies":[{"name":"wp","href":"https:\/\/api.w.org\/{rel}","templated":true}]}}