{"id":1978,"date":"2019-09-27T15:00:09","date_gmt":"2019-09-27T15:00:09","guid":{"rendered":"http:\/\/skstudenec.cz\/?p=1978"},"modified":"2019-09-27T15:00:09","modified_gmt":"2019-09-27T15:00:09","slug":"fk-slovan-hradek-n-n-sk-studenec-kp-u17-14-9-2019-10-00-23-00","status":"publish","type":"post","link":"http:\/\/skstudenec.cz\/index.php\/fotbal\/fk-slovan-hradek-n-n-sk-studenec-kp-u17-14-9-2019-10-00-23-00\/","title":{"rendered":"FK Slovan Hr\u00e1dek n\/N &#8211; SK Studenec KP U17 14. 9. 2019  10.00 2:3 (0:0)"},"content":{"rendered":"<p><strong>Sestava<\/strong>: Kochl\u00edk \u2013 Trejbal, \u0160im\u00e1\u010dek, Entner, Pau\u010dek \u2013 Korda \u2013 Maz\u00e1nek,(Dyntar), Junek,(Jandura), Kalensk\u00fd,(Ulvr), Synek \u2013 Cejnar<\/p>\n<p>Prvn\u00ed p\u016fle p\u0159inesla vyrovnan\u00fd fotbal. Na \u0161ance jsme ho vyhr\u00e1li t\u0159i ku jedn\u00e9, kdy\u017e Cejny trefil b\u0159evno, neprom\u011bnil tutovku a Junkrs netrefil br\u00e1nu.<\/p>\n<p>Ve druh\u00e9 p\u016fli jsme cht\u011bli kone\u010dn\u011b protrhnout podzimn\u00ed st\u0159eleckou sm\u016flu. To se n\u00e1m povedlo u\u017e dv\u011b minuty po p\u0159est\u00e1vce. Hanz kolmic\u00ed vysunul L\u00e1\u010fu, ten nahr\u00e1l na velk\u00e9 v\u00e1pno nab\u00edhaj\u00edc\u00edmu Jandysovi a pro n\u011bj u\u017e nebylo t\u011b\u017ek\u00e9 p\u0159ekonat dom\u00e1c\u00edho brank\u00e1\u0159e. Z\u00a0veden\u00ed jsme se neradovali dlouho. Za t\u0159i minuty, po na\u0161em ned\u016frazn\u00e9m obsazov\u00e1n\u00ed hr\u00e1\u010d\u016f ve st\u0159edu h\u0159i\u0161t\u011b, soupe\u0159 srovnal na 1:1. Po obdr\u017een\u00e9 brance jsme dom\u00e1c\u00ed zatla\u010dili na jejich polovinu a v\u00fdsledkem byl g\u00f3l na 2:1. V\u00a055. minut\u011b Hanz rozehr\u00e1l p\u0159\u00edm\u00fd kop na Cejnyho a ten z\u00a0oto\u010dky p\u0159idal n\u00e1\u0161 druh\u00fd g\u00f3l. D\u00e1l jsme m\u011bli p\u0159evahu, ale dal\u0161\u00ed \u0161ance se n\u00e1m neda\u0159ilo prom\u011b\u0148ovat. A\u017e v\u00a074. minut\u011b po rozehr\u00e1n\u00ed dal\u0161\u00ed standartky se d\u016frazem prosadil op\u011bt Jandys. Konec z\u00e1pasu jsme si je\u0161t\u011b zkomplikovali, kdy\u017e po na\u0161em rohu dom\u00e1c\u00ed rychle p\u0159esunuli hru a v\u00a0posledn\u00ed minut\u011b sn\u00ed\u017eili na kone\u010dn\u00fdch 2:3.<\/p>\n<p>Utk\u00e1n\u00edm jsme zakon\u010dili t\u0159\u00ed z\u00e1pasov\u00e9 turn\u00e9 na h\u0159i\u0161t\u00edch soupe\u0159\u016f s\u00a0bilanc\u00ed 1-1-1 a u\u017e se t\u011b\u0161\u00edme na dom\u00e1c\u00ed h\u0159i\u0161t\u011b. V\u00a0ned\u011bli 22.9. p\u0159iv\u00edt\u00e1me ve 13.30 FK Cvikov. T\u00edmto bych cht\u011bl pozvat v\u0161echny fanou\u0161ky a fanynky na na\u0161e h\u0159i\u0161t\u011b.<\/p>\n","protected":false},"excerpt":{"rendered":"<p>Sestava: Kochl\u00edk \u2013 Trejbal, \u0160im\u00e1\u010dek, Entner, Pau\u010dek \u2013 Korda \u2013 Maz\u00e1nek,(Dyntar), Junek,(Jandura), Kalensk\u00fd,(Ulvr), Synek \u2013 Cejnar Prvn\u00ed p\u016fle p\u0159inesla vyrovnan\u00fd fotbal. Na \u0161ance jsme ho vyhr\u00e1li t\u0159i ku jedn\u00e9, kdy\u017e Cejny trefil b\u0159evno, neprom\u011bnil tutovku a Junkrs netrefil br\u00e1nu. Ve druh\u00e9 p\u016fli jsme cht\u011bli kone\u010dn\u011b protrhnout podzimn\u00ed st\u0159eleckou sm\u016flu. To<span class=\"more-link\"><a href=\"http:\/\/skstudenec.cz\/index.php\/fotbal\/fk-slovan-hradek-n-n-sk-studenec-kp-u17-14-9-2019-10-00-23-00\/\">V\u00cdCE<\/a><\/span><\/p>\n","protected":false},"author":2,"featured_media":0,"comment_status":"closed","ping_status":"open","sticky":false,"template":"","format":"standard","meta":{"footnotes":""},"categories":[12,4],"tags":[],"_links":{"self":[{"href":"http:\/\/skstudenec.cz\/index.php\/wp-json\/wp\/v2\/posts\/1978"}],"collection":[{"href":"http:\/\/skstudenec.cz\/index.php\/wp-json\/wp\/v2\/posts"}],"about":[{"href":"http:\/\/skstudenec.cz\/index.php\/wp-json\/wp\/v2\/types\/post"}],"author":[{"embeddable":true,"href":"http:\/\/skstudenec.cz\/index.php\/wp-json\/wp\/v2\/users\/2"}],"replies":[{"embeddable":true,"href":"http:\/\/skstudenec.cz\/index.php\/wp-json\/wp\/v2\/comments?post=1978"}],"version-history":[{"count":1,"href":"http:\/\/skstudenec.cz\/index.php\/wp-json\/wp\/v2\/posts\/1978\/revisions"}],"predecessor-version":[{"id":1979,"href":"http:\/\/skstudenec.cz\/index.php\/wp-json\/wp\/v2\/posts\/1978\/revisions\/1979"}],"wp:attachment":[{"href":"http:\/\/skstudenec.cz\/index.php\/wp-json\/wp\/v2\/media?parent=1978"}],"wp:term":[{"taxonomy":"category","embeddable":true,"href":"http:\/\/skstudenec.cz\/index.php\/wp-json\/wp\/v2\/categories?post=1978"},{"taxonomy":"post_tag","embeddable":true,"href":"http:\/\/skstudenec.cz\/index.php\/wp-json\/wp\/v2\/tags?post=1978"}],"curies":[{"name":"wp","href":"https:\/\/api.w.org\/{rel}","templated":true}]}}