{"id":2015,"date":"2019-11-05T21:40:00","date_gmt":"2019-11-05T21:40:00","guid":{"rendered":"http:\/\/skstudenec.cz\/?p=2015"},"modified":"2019-11-05T22:00:01","modified_gmt":"2019-11-05T22:00:01","slug":"podzim-v-terenu-lobu","status":"publish","type":"post","link":"http:\/\/skstudenec.cz\/index.php\/oos\/lob2020\/podzim-v-terenu-lobu\/","title":{"rendered":"Podzim v ter\u00e9nu LOBu 2020"},"content":{"rendered":"<p>Prvn\u00ed z\u00e1vody v ly\u017ea\u0159sk\u00e9m orienta\u010dn\u00edm b\u011bhu sez\u00f3ny 2020 uspo\u0159\u00e1d\u00e1 11. a 12. ledna 2020 n\u00e1\u0161 odd\u00edl na pomez\u00ed Krkono\u0161 a Jizersk\u00fdch hor, v okol\u00ed vrcholu B\u00edl\u00e9 sk\u00e1ly vysok\u00e9 964 metr\u016f nad mo\u0159em. Oproti z\u00e1vod\u016fm, kter\u00e9 jsme po\u0159\u00e1dali v roce 2018 v Roudnici v Krkono\u0161\u00edch se nejvy\u0161\u0161\u00ed bod ter\u00e9nu posune o 67 metr\u016f v\u00fd\u0161, ale charakter ter\u00e9nu bude podobn\u00fd. Centrem z\u00e1vodu budou Rejdice, \u010d\u00e1st obce Ko\u0159enov.<!--more--><\/p>\n<p>Podle term\u00ednov\u00e9 listiny bude na po\u0159adu Mistrovstv\u00ed \u010cR \u0161tafet a dva z\u00e1vody \u010cesk\u00e9ho poh\u00e1ru, jeden ve sprintu a jeden na klasick\u00e9 trati. Ter\u00e9n vyu\u017eije proj\u00ed\u017ed\u011bn\u00e9 turistick\u00e9 stopy, kter\u00e9 p\u0159ipravuje spole\u010dnost <a href=\"http:\/\/www.jizerkyprovas.cz\/\" target=\"_blank\" rel=\"noopener\">Jizerky pro V\u00e1s<\/a>. Stopy jsou zejm\u00e9na na vrcholov\u00e9 plo\u0161in\u011b mezi zm\u00edn\u011bnou B\u00edlou sk\u00e1lou a vrcholy Hv\u011bzda (959 m.n.m.), Hromovka (916 m.n.m.) a Kapradn\u00edk (910 m.n.m.). Pro zpest\u0159en\u00ed z\u00e1vodu se pokus\u00edme podle sn\u011bhov\u00fdch podm\u00ednek s\u00ed\u0165 stop zahustit obzvl\u00e1\u0161t\u011b na p\u0159ilehl\u00fdch lu\u010dn\u00edch ploch\u00e1ch.<\/p>\n<p>Samotn\u00fd prostor je p\u0159\u00edmo nabit\u00fd turistick\u00fdmi l\u00e1kadly a v mnoha ohledech se tu psala historie. Obec Paseky nad Jizerou je obc\u00ed Zapadl\u00fdch vlastenc\u016f spisovatele Raise. Rod V\u011bnceslava Metelky zalo\u017eil v mal\u00e9 horsk\u00e9 obci sv\u011btozn\u00e1mou housla\u0159skou \u0161kolu. Na h\u0159ebeni nad Pasekami je legend\u00e1rn\u00ed hostinec <a href=\"https:\/\/www.prdek.cz\/historie-prdku\/\" target=\"_blank\" rel=\"noopener\">Na Perl\u00ed\u010dku alias Prdek<\/a>, kde se po\u0159\u00e1d\u00e1 <a href=\"https:\/\/www.prdek.cz\/camburina\/\" target=\"_blank\" rel=\"noopener\">Mistrovstv\u00ed sv\u011bta v \u010dambur\u00edna<\/a> a kde je dnes i mini pivovar va\u0159\u00edc\u00ed pivo Prdeck\u00fd Perl\u00edk alias Pr\u010f\u00e1k. Na druh\u00e9 stran\u011b kopce je nad P\u0159\u00edchovicemi rozhledna \u0160t\u011bp\u00e1nka a <a href=\"https:\/\/turnovska-chata.cz\/\" target=\"_blank\" rel=\"noopener\">Turnovsk\u00e1 chata<\/a>. V P\u0159\u00edchovic\u00edch pak rozhledna J\u00e1ry Cimrmana a restaurace s pivovarem <a href=\"http:\/\/ucapa.eu\/\" target=\"_blank\" rel=\"noopener\">U \u010c\u00e1pa<\/a>.<\/p>\n\n\t\t\t<div id=\"2015-1\" class=\"gallery gallery-2015 gallery-col-3 gallery-columns-3 gallery-size-thumbnail\" itemscope itemtype=\"https:\/\/schema.org\/ImageGallery\">\n\t\t\t\t\t<figure class='gallery-item col-3' itemprop='associatedMedia' itemscope itemtype='https:\/\/schema.org\/ImageObject'>\n\t\t\t\t\t\t<div class='gallery-icon landscape'><a href='http:\/\/skstudenec.cz\/wp-content\/uploads\/2019\/11\/IMG_20191027_095506-e1572989527182.jpg' itemprop=\"contentURL\"><img width=\"150\" height=\"150\" src=\"http:\/\/skstudenec.cz\/wp-content\/uploads\/2019\/11\/IMG_20191027_095506-150x150.jpg\" class=\"attachment-thumbnail size-thumbnail\" alt=\"\" decoding=\"async\" loading=\"lazy\" aria-describedby=\"figcaption-2015-2022\" itemprop=\"thumbnail\" \/><\/a><\/div>\n\t\t\t\t\t\t<figcaption id=\"figcaption-2015-2022\" class=\"gallery-caption\" itemprop=\"caption\">Vrchol B\u00edl\u00e9 sk\u00e1ly, nejvy\u0161\u0161\u00ed bod prostoru<\/figcaption>\n\t\t\t\t\t<\/figure>\n\t\t\t\t\t<figure class='gallery-item col-3' itemprop='associatedMedia' itemscope itemtype='https:\/\/schema.org\/ImageObject'>\n\t\t\t\t\t\t<div class='gallery-icon landscape'><a href='http:\/\/skstudenec.cz\/wp-content\/uploads\/2019\/11\/IMG_20191027_082041-e1572989327794.jpg' itemprop=\"contentURL\"><img width=\"150\" height=\"150\" src=\"http:\/\/skstudenec.cz\/wp-content\/uploads\/2019\/11\/IMG_20191027_082041-150x150.jpg\" class=\"attachment-thumbnail size-thumbnail\" alt=\"\" decoding=\"async\" loading=\"lazy\" aria-describedby=\"figcaption-2015-2019\" itemprop=\"thumbnail\" \/><\/a><\/div>\n\t\t\t\t\t\t<figcaption id=\"figcaption-2015-2019\" class=\"gallery-caption\" itemprop=\"caption\">Pohled z Rejdic na P\u0159\u00edchovice<\/figcaption>\n\t\t\t\t\t<\/figure>\n\t\t\t\t\t<figure class='gallery-item col-3' itemprop='associatedMedia' itemscope itemtype='https:\/\/schema.org\/ImageObject'>\n\t\t\t\t\t\t<div class='gallery-icon landscape'><a href='http:\/\/skstudenec.cz\/wp-content\/uploads\/2019\/11\/IMG_20191027_081506-e1572989300933.jpg' itemprop=\"contentURL\"><img width=\"150\" height=\"150\" src=\"http:\/\/skstudenec.cz\/wp-content\/uploads\/2019\/11\/IMG_20191027_081506-150x150.jpg\" class=\"attachment-thumbnail size-thumbnail\" alt=\"\" decoding=\"async\" loading=\"lazy\" aria-describedby=\"figcaption-2015-2018\" itemprop=\"thumbnail\" \/><\/a><\/div>\n\t\t\t\t\t\t<figcaption id=\"figcaption-2015-2018\" class=\"gallery-caption\" itemprop=\"caption\">Louky s ropt\u00fdlen\u00fdmi chalupami<\/figcaption>\n\t\t\t\t\t<\/figure>\n\t\t\t\t\t<figure class='gallery-item col-3' itemprop='associatedMedia' itemscope itemtype='https:\/\/schema.org\/ImageObject'>\n\t\t\t\t\t\t<div class='gallery-icon landscape'><a href='http:\/\/skstudenec.cz\/wp-content\/uploads\/2019\/11\/IMG_20191028_151044-e1572989610716.jpg' itemprop=\"contentURL\"><img width=\"150\" height=\"150\" src=\"http:\/\/skstudenec.cz\/wp-content\/uploads\/2019\/11\/IMG_20191028_151044-150x150.jpg\" class=\"attachment-thumbnail size-thumbnail\" alt=\"\" decoding=\"async\" loading=\"lazy\" aria-describedby=\"figcaption-2015-2028\" itemprop=\"thumbnail\" \/><\/a><\/div>\n\t\t\t\t\t\t<figcaption id=\"figcaption-2015-2028\" class=\"gallery-caption\" itemprop=\"caption\">\u00dadol\u00ed Rokytnice nad Jizerou s Kotlem a sjezdovkami na Lys\u00e9 ho\u0159e<\/figcaption>\n\t\t\t\t\t<\/figure>\n\t\t\t\t\t<figure class='gallery-item col-3' itemprop='associatedMedia' itemscope itemtype='https:\/\/schema.org\/ImageObject'>\n\t\t\t\t\t\t<div class='gallery-icon landscape'><a href='http:\/\/skstudenec.cz\/wp-content\/uploads\/2019\/11\/IMG_20191028_144257-e1572989593786.jpg' itemprop=\"contentURL\"><img width=\"150\" height=\"150\" src=\"http:\/\/skstudenec.cz\/wp-content\/uploads\/2019\/11\/IMG_20191028_144257-150x150.jpg\" class=\"attachment-thumbnail size-thumbnail\" alt=\"\" decoding=\"async\" loading=\"lazy\" aria-describedby=\"figcaption-2015-2027\" itemprop=\"thumbnail\" \/><\/a><\/div>\n\t\t\t\t\t\t<figcaption id=\"figcaption-2015-2027\" class=\"gallery-caption\" itemprop=\"caption\">Chalupa m\u00edstem v Krkono\u0161\u00edch, ale podobou jizerskohorsk\u00e1<\/figcaption>\n\t\t\t\t\t<\/figure>\n\t\t\t\t\t<figure class='gallery-item col-3' itemprop='associatedMedia' itemscope itemtype='https:\/\/schema.org\/ImageObject'>\n\t\t\t\t\t\t<div class='gallery-icon landscape'><a href='http:\/\/skstudenec.cz\/wp-content\/uploads\/2019\/11\/IMG_20191028_132033-e1572989570420.jpg' itemprop=\"contentURL\"><img width=\"150\" height=\"150\" src=\"http:\/\/skstudenec.cz\/wp-content\/uploads\/2019\/11\/IMG_20191028_132033-150x150.jpg\" class=\"attachment-thumbnail size-thumbnail\" alt=\"\" decoding=\"async\" loading=\"lazy\" aria-describedby=\"figcaption-2015-2025\" itemprop=\"thumbnail\" \/><\/a><\/div>\n\t\t\t\t\t\t<figcaption id=\"figcaption-2015-2025\" class=\"gallery-caption\" itemprop=\"caption\">Zleva Kotel (1435 m), \u010cern\u00e1 hora (1299 m), P\u0159edn\u00ed \u017dal\u00fd (1019 m)<\/figcaption>\n\t\t\t\t\t<\/figure>\n\t\t\t\t\t<figure class='gallery-item col-3' itemprop='associatedMedia' itemscope itemtype='https:\/\/schema.org\/ImageObject'>\n\t\t\t\t\t\t<div class='gallery-icon landscape'><a href='http:\/\/skstudenec.cz\/wp-content\/uploads\/2019\/11\/IMG_20191028_142911-e1572989582625.jpg' itemprop=\"contentURL\"><img width=\"150\" height=\"150\" src=\"http:\/\/skstudenec.cz\/wp-content\/uploads\/2019\/11\/IMG_20191028_142911-150x150.jpg\" class=\"attachment-thumbnail size-thumbnail\" alt=\"\" decoding=\"async\" loading=\"lazy\" aria-describedby=\"figcaption-2015-2026\" itemprop=\"thumbnail\" \/><\/a><\/div>\n\t\t\t\t\t\t<figcaption id=\"figcaption-2015-2026\" class=\"gallery-caption\" itemprop=\"caption\">Pomn\u00edk zbloudil\u00e9ho ly\u017ea\u0159e<\/figcaption>\n\t\t\t\t\t<\/figure>\n\t\t\t\t\t<figure class='gallery-item col-3' itemprop='associatedMedia' itemscope itemtype='https:\/\/schema.org\/ImageObject'>\n\t\t\t\t\t\t<div class='gallery-icon landscape'><a href='http:\/\/skstudenec.cz\/wp-content\/uploads\/2019\/11\/IMG_20191027_094632-e1572989486699.jpg' itemprop=\"contentURL\"><img width=\"150\" height=\"150\" src=\"http:\/\/skstudenec.cz\/wp-content\/uploads\/2019\/11\/IMG_20191027_094632-150x150.jpg\" class=\"attachment-thumbnail size-thumbnail\" alt=\"\" decoding=\"async\" loading=\"lazy\" aria-describedby=\"figcaption-2015-2021\" itemprop=\"thumbnail\" \/><\/a><\/div>\n\t\t\t\t\t\t<figcaption id=\"figcaption-2015-2021\" class=\"gallery-caption\" itemprop=\"caption\">Kontrola asi ze z\u00e1vodu Paseck\u00fd bloudil 2019<\/figcaption>\n\t\t\t\t\t<\/figure>\n\t\t\t\t\t<figure class='gallery-item col-3' itemprop='associatedMedia' itemscope itemtype='https:\/\/schema.org\/ImageObject'>\n\t\t\t\t\t\t<div class='gallery-icon landscape'><a href='http:\/\/skstudenec.cz\/wp-content\/uploads\/2019\/11\/IMG_20191027_084942-e1572989349603.jpg' itemprop=\"contentURL\"><img width=\"150\" height=\"150\" src=\"http:\/\/skstudenec.cz\/wp-content\/uploads\/2019\/11\/IMG_20191027_084942-150x150.jpg\" class=\"attachment-thumbnail size-thumbnail\" alt=\"\" decoding=\"async\" loading=\"lazy\" aria-describedby=\"figcaption-2015-2020\" itemprop=\"thumbnail\" \/><\/a><\/div>\n\t\t\t\t\t\t<figcaption id=\"figcaption-2015-2020\" class=\"gallery-caption\" itemprop=\"caption\">Hranice &#8211; vlevo KRNAP, vpravo CHKO Jizersk\u00e9 hory<\/figcaption>\n\t\t\t\t\t<\/figure>\n\t\t\t\t\t<figure class='gallery-item col-3' itemprop='associatedMedia' itemscope itemtype='https:\/\/schema.org\/ImageObject'>\n\t\t\t\t\t\t<div class='gallery-icon landscape'><a href='http:\/\/skstudenec.cz\/wp-content\/uploads\/2019\/11\/IMG_20191027_080657-e1572989269133.jpg' itemprop=\"contentURL\"><img width=\"150\" height=\"150\" src=\"http:\/\/skstudenec.cz\/wp-content\/uploads\/2019\/11\/IMG_20191027_080657-150x150.jpg\" class=\"attachment-thumbnail size-thumbnail\" alt=\"\" decoding=\"async\" loading=\"lazy\" aria-describedby=\"figcaption-2015-2017\" itemprop=\"thumbnail\" \/><\/a><\/div>\n\t\t\t\t\t\t<figcaption id=\"figcaption-2015-2017\" class=\"gallery-caption\" itemprop=\"caption\">I na konci \u0159\u00edjna n\u011bco kvete<\/figcaption>\n\t\t\t\t\t<\/figure>\n\t\t\t\t\t<figure class='gallery-item col-3' itemprop='associatedMedia' itemscope itemtype='https:\/\/schema.org\/ImageObject'>\n\t\t\t\t\t\t<div class='gallery-icon landscape'><a href='http:\/\/skstudenec.cz\/wp-content\/uploads\/2019\/11\/IMG_20191027_124501-e1572989554882.jpg' itemprop=\"contentURL\"><img width=\"150\" height=\"150\" src=\"http:\/\/skstudenec.cz\/wp-content\/uploads\/2019\/11\/IMG_20191027_124501-150x150.jpg\" class=\"attachment-thumbnail size-thumbnail\" alt=\"\" decoding=\"async\" loading=\"lazy\" aria-describedby=\"figcaption-2015-2024\" itemprop=\"thumbnail\" \/><\/a><\/div>\n\t\t\t\t\t\t<figcaption id=\"figcaption-2015-2024\" class=\"gallery-caption\" itemprop=\"caption\">Studijn\u00ed materi\u00e1l &#8211; trat\u011b<\/figcaption>\n\t\t\t\t\t<\/figure>\n\t\t\t\t\t<figure class='gallery-item col-3' itemprop='associatedMedia' itemscope itemtype='https:\/\/schema.org\/ImageObject'>\n\t\t\t\t\t\t<div class='gallery-icon landscape'><a href='http:\/\/skstudenec.cz\/wp-content\/uploads\/2019\/11\/IMG_20191027_121000-e1572989538701.jpg' itemprop=\"contentURL\"><img width=\"150\" height=\"150\" src=\"http:\/\/skstudenec.cz\/wp-content\/uploads\/2019\/11\/IMG_20191027_121000-150x150.jpg\" class=\"attachment-thumbnail size-thumbnail\" alt=\"\" decoding=\"async\" loading=\"lazy\" aria-describedby=\"figcaption-2015-2023\" itemprop=\"thumbnail\" \/><\/a><\/div>\n\t\t\t\t\t\t<figcaption id=\"figcaption-2015-2023\" class=\"gallery-caption\" itemprop=\"caption\">Rozhledna \u0160t\u011bp\u00e1nka<\/figcaption>\n\t\t\t\t\t<\/figure>\n\t\t\t<\/div><!-- .gallery -->\n\n<p>&nbsp;<\/p>\n","protected":false},"excerpt":{"rendered":"<p>Prvn\u00ed z\u00e1vody v ly\u017ea\u0159sk\u00e9m orienta\u010dn\u00edm b\u011bhu sez\u00f3ny 2020 uspo\u0159\u00e1d\u00e1 11. a 12. ledna 2020 n\u00e1\u0161 odd\u00edl na pomez\u00ed Krkono\u0161 a Jizersk\u00fdch hor, v okol\u00ed vrcholu B\u00edl\u00e9 sk\u00e1ly vysok\u00e9 964 metr\u016f nad mo\u0159em. Oproti z\u00e1vod\u016fm, kter\u00e9 jsme po\u0159\u00e1dali v roce 2018 v Roudnici v Krkono\u0161\u00edch se nejvy\u0161\u0161\u00ed bod ter\u00e9nu posune o<span class=\"more-link\"><a href=\"http:\/\/skstudenec.cz\/index.php\/oos\/lob2020\/podzim-v-terenu-lobu\/\">V\u00cdCE<\/a><\/span><\/p>\n","protected":false},"author":1,"featured_media":2022,"comment_status":"closed","ping_status":"open","sticky":false,"template":"","format":"standard","meta":{"footnotes":""},"categories":[33],"tags":[],"_links":{"self":[{"href":"http:\/\/skstudenec.cz\/index.php\/wp-json\/wp\/v2\/posts\/2015"}],"collection":[{"href":"http:\/\/skstudenec.cz\/index.php\/wp-json\/wp\/v2\/posts"}],"about":[{"href":"http:\/\/skstudenec.cz\/index.php\/wp-json\/wp\/v2\/types\/post"}],"author":[{"embeddable":true,"href":"http:\/\/skstudenec.cz\/index.php\/wp-json\/wp\/v2\/users\/1"}],"replies":[{"embeddable":true,"href":"http:\/\/skstudenec.cz\/index.php\/wp-json\/wp\/v2\/comments?post=2015"}],"version-history":[{"count":6,"href":"http:\/\/skstudenec.cz\/index.php\/wp-json\/wp\/v2\/posts\/2015\/revisions"}],"predecessor-version":[{"id":2038,"href":"http:\/\/skstudenec.cz\/index.php\/wp-json\/wp\/v2\/posts\/2015\/revisions\/2038"}],"wp:featuredmedia":[{"embeddable":true,"href":"http:\/\/skstudenec.cz\/index.php\/wp-json\/wp\/v2\/media\/2022"}],"wp:attachment":[{"href":"http:\/\/skstudenec.cz\/index.php\/wp-json\/wp\/v2\/media?parent=2015"}],"wp:term":[{"taxonomy":"category","embeddable":true,"href":"http:\/\/skstudenec.cz\/index.php\/wp-json\/wp\/v2\/categories?post=2015"},{"taxonomy":"post_tag","embeddable":true,"href":"http:\/\/skstudenec.cz\/index.php\/wp-json\/wp\/v2\/tags?post=2015"}],"curies":[{"name":"wp","href":"https:\/\/api.w.org\/{rel}","templated":true}]}}