{"id":2330,"date":"2020-05-08T22:32:47","date_gmt":"2020-05-08T22:32:47","guid":{"rendered":"http:\/\/skstudenec.cz\/?p=2330"},"modified":"2020-05-08T22:32:47","modified_gmt":"2020-05-08T22:32:47","slug":"legendy-sportovniho-klubu-studenec","status":"publish","type":"post","link":"http:\/\/skstudenec.cz\/index.php\/klub\/legendy\/legendy-sportovniho-klubu-studenec\/","title":{"rendered":"Legendy Sportovn\u00edho klubu Studenec"},"content":{"rendered":"\n<p>D\u00edky celosv\u011btov\u00e9 pandemii se spoust\u011b lid\u00ed zm\u011bnil pov\u011bstn\u00fd &#8222;rytmus \u017eivota&#8220;. Proto\u017ee tomu tak je do jist\u00e9 m\u00edry i v m\u00e9m p\u0159\u00edpad\u011b, tak jsem najednou z\u00edskal relativn\u011b hodn\u011b voln\u00e9ho \u010dasu. M\u00edsto v\u00edkendov\u00e9ho obj\u00ed\u017ed\u011bn\u00ed orien\u0165\u00e1ck\u00fdch z\u00e1vod\u016f, \u010demu\u017e jsem se v\u011bnoval v kuse posledn\u00edch 30 let, jsem najednou tr\u010del o sobot\u00e1ch a ned\u011bl\u00edch doma. V pr\u00e1ci se tak\u00e9 lehce zvolnilo, tak\u017ee jsem \u010d\u00e1st \u010dasu vyu\u017eil ke t\u0159\u00edd\u011bn\u00ed dokument\u016f (v m\u00e9m p\u0159\u00edpad\u011b map). A proto\u017ee jsem na\u0161el n\u011bkter\u00e9 zaj\u00edmav\u00e9 v\u011bci, kter\u00e9 mohou pozd\u011bji narozen\u00fdm \u010dlen\u016fm klubu roz\u0161\u00ed\u0159it obzory a dodat n\u011bjak\u00e9 souvislosti, rozhodl jsem se zalo\u017eit rubriku Legendy Sportovn\u00edho klubu Studenec. Je to zcela voln\u00e1 rubrika a nemus\u00ed se v\u017edy jednat o zcela korektn\u00ed historii. Kdo by cht\u011bl n\u011bco p\u0159idat, m\u016f\u017ee.<\/p>\n","protected":false},"excerpt":{"rendered":"<p>D\u00edky celosv\u011btov\u00e9 pandemii se spoust\u011b lid\u00ed zm\u011bnil pov\u011bstn\u00fd &#8222;rytmus \u017eivota&#8220;. Proto\u017ee tomu tak je do jist\u00e9 m\u00edry i v m\u00e9m p\u0159\u00edpad\u011b, tak jsem najednou z\u00edskal relativn\u011b hodn\u011b voln\u00e9ho \u010dasu. M\u00edsto v\u00edkendov\u00e9ho obj\u00ed\u017ed\u011bn\u00ed orien\u0165\u00e1ck\u00fdch z\u00e1vod\u016f, \u010demu\u017e jsem se v\u011bnoval v kuse posledn\u00edch 30 let, jsem najednou tr\u010del o sobot\u00e1ch a ned\u011bl\u00edch<span class=\"more-link\"><a href=\"http:\/\/skstudenec.cz\/index.php\/klub\/legendy\/legendy-sportovniho-klubu-studenec\/\">V\u00cdCE<\/a><\/span><\/p>\n","protected":false},"author":1,"featured_media":1238,"comment_status":"closed","ping_status":"closed","sticky":false,"template":"","format":"standard","meta":{"footnotes":""},"categories":[36],"tags":[],"_links":{"self":[{"href":"http:\/\/skstudenec.cz\/index.php\/wp-json\/wp\/v2\/posts\/2330"}],"collection":[{"href":"http:\/\/skstudenec.cz\/index.php\/wp-json\/wp\/v2\/posts"}],"about":[{"href":"http:\/\/skstudenec.cz\/index.php\/wp-json\/wp\/v2\/types\/post"}],"author":[{"embeddable":true,"href":"http:\/\/skstudenec.cz\/index.php\/wp-json\/wp\/v2\/users\/1"}],"replies":[{"embeddable":true,"href":"http:\/\/skstudenec.cz\/index.php\/wp-json\/wp\/v2\/comments?post=2330"}],"version-history":[{"count":1,"href":"http:\/\/skstudenec.cz\/index.php\/wp-json\/wp\/v2\/posts\/2330\/revisions"}],"predecessor-version":[{"id":2331,"href":"http:\/\/skstudenec.cz\/index.php\/wp-json\/wp\/v2\/posts\/2330\/revisions\/2331"}],"wp:featuredmedia":[{"embeddable":true,"href":"http:\/\/skstudenec.cz\/index.php\/wp-json\/wp\/v2\/media\/1238"}],"wp:attachment":[{"href":"http:\/\/skstudenec.cz\/index.php\/wp-json\/wp\/v2\/media?parent=2330"}],"wp:term":[{"taxonomy":"category","embeddable":true,"href":"http:\/\/skstudenec.cz\/index.php\/wp-json\/wp\/v2\/categories?post=2330"},{"taxonomy":"post_tag","embeddable":true,"href":"http:\/\/skstudenec.cz\/index.php\/wp-json\/wp\/v2\/tags?post=2330"}],"curies":[{"name":"wp","href":"https:\/\/api.w.org\/{rel}","templated":true}]}}