{"id":2343,"date":"2020-06-28T16:13:50","date_gmt":"2020-06-28T16:13:50","guid":{"rendered":"http:\/\/skstudenec.cz\/?p=2343"},"modified":"2020-06-28T16:19:33","modified_gmt":"2020-06-28T16:19:33","slug":"z-kopidlna-na-zapad","status":"publish","type":"post","link":"http:\/\/skstudenec.cz\/index.php\/oos\/z-kopidlna-na-zapad\/","title":{"rendered":"Z Kopidlna na z\u00e1pad"},"content":{"rendered":"\n<p>Po zm\u011bn\u00e1ch term\u00ednov\u00fdch listin a p\u0159esunut\u00ed \u017deb\u0159\u00ed\u010dku B &#8211; \u010cechy z roku 2020 na rok 2021 pro V\u00e1s p\u0159ipravujeme roz\u0161\u00ed\u0159en\u00ed orien\u0165\u00e1ck\u00fdch ter\u00e9n\u016f v oblasti Kopidlna.<\/p>\n\n\n\n<!--more-->\n\n\n\n<p>Ter\u00e9ny jsme dote\u010f pou\u017e\u00edvali hlavn\u011b na ja\u0159e na prvn\u00ed rozb\u011bh\u00e1n\u00ed ztuhl\u00e9ho svalstva po zim\u011b. N\u011bkte\u0159\u00ed z V\u00e1s si v\u0161ak st\u011b\u017eovali, \u017ee je na ja\u0159e v p\u0159ev\u00e1\u017en\u011b listnat\u00e9m lese &#8222;moc daleko vid\u011bt&#8220;.  A proto\u017ee je po omezen\u00edch sportov\u00e1n\u00ed spousta rekrea\u010dn\u00edch orienta\u010dn\u00edch b\u011b\u017ec\u016f ztuhl\u00e1 jako po zim\u011b, dovolili jsme si pou\u017e\u00edt rovinat\u00fd a fyzicky nen\u00e1ro\u010dn\u00fd prostor i na za\u010d\u00e1tku z\u00e1\u0159\u00ed 2020.<\/p>\n\n\n\n<p>Roz\u0161\u00ed\u0159\u00edme existuj\u00edc\u00ed mapu <a rel=\"noreferrer noopener\" aria-label=\"Pl\u016ftek (otev\u0159e se na nov\u00e9 z\u00e1lo\u017ece)\" href=\"https:\/\/mapy.orientacnisporty.cz\/cs\/maps\/9067\/fusion\" target=\"_blank\">Pl\u016ftek<\/a> na z\u00e1pad sm\u011brem k Bu\u010dick\u00e9mu rybn\u00edku a rybn\u00edku Hasina. Na jeho druh\u00e9m b\u0159ehu u\u017e kdysi byla <a rel=\"noreferrer noopener\" aria-label=\"stejnojmen\u00e1 mapa z roku 1983 (otev\u0159e se na nov\u00e9 z\u00e1lo\u017ece)\" href=\"https:\/\/mapy.orientacnisporty.cz\/cs\/maps\/125\/fusion\" target=\"_blank\">stejnojmen\u00e1 mapa z roku 1982<\/a>.<\/p>\n\n\n\n<p><\/p>\n\n\n\n<p><\/p>\n","protected":false},"excerpt":{"rendered":"<p>Po zm\u011bn\u00e1ch term\u00ednov\u00fdch listin a p\u0159esunut\u00ed \u017deb\u0159\u00ed\u010dku B &#8211; \u010cechy z roku 2020 na rok 2021 pro V\u00e1s p\u0159ipravujeme roz\u0161\u00ed\u0159en\u00ed orien\u0165\u00e1ck\u00fdch ter\u00e9n\u016f v oblasti Kopidlna.<span class=\"more-link\"><a href=\"http:\/\/skstudenec.cz\/index.php\/oos\/z-kopidlna-na-zapad\/\">V\u00cdCE<\/a><\/span><\/p>\n","protected":false},"author":1,"featured_media":2345,"comment_status":"closed","ping_status":"closed","sticky":false,"template":"","format":"standard","meta":{"footnotes":""},"categories":[3,37],"tags":[],"_links":{"self":[{"href":"http:\/\/skstudenec.cz\/index.php\/wp-json\/wp\/v2\/posts\/2343"}],"collection":[{"href":"http:\/\/skstudenec.cz\/index.php\/wp-json\/wp\/v2\/posts"}],"about":[{"href":"http:\/\/skstudenec.cz\/index.php\/wp-json\/wp\/v2\/types\/post"}],"author":[{"embeddable":true,"href":"http:\/\/skstudenec.cz\/index.php\/wp-json\/wp\/v2\/users\/1"}],"replies":[{"embeddable":true,"href":"http:\/\/skstudenec.cz\/index.php\/wp-json\/wp\/v2\/comments?post=2343"}],"version-history":[{"count":4,"href":"http:\/\/skstudenec.cz\/index.php\/wp-json\/wp\/v2\/posts\/2343\/revisions"}],"predecessor-version":[{"id":2349,"href":"http:\/\/skstudenec.cz\/index.php\/wp-json\/wp\/v2\/posts\/2343\/revisions\/2349"}],"wp:featuredmedia":[{"embeddable":true,"href":"http:\/\/skstudenec.cz\/index.php\/wp-json\/wp\/v2\/media\/2345"}],"wp:attachment":[{"href":"http:\/\/skstudenec.cz\/index.php\/wp-json\/wp\/v2\/media?parent=2343"}],"wp:term":[{"taxonomy":"category","embeddable":true,"href":"http:\/\/skstudenec.cz\/index.php\/wp-json\/wp\/v2\/categories?post=2343"},{"taxonomy":"post_tag","embeddable":true,"href":"http:\/\/skstudenec.cz\/index.php\/wp-json\/wp\/v2\/tags?post=2343"}],"curies":[{"name":"wp","href":"https:\/\/api.w.org\/{rel}","templated":true}]}}