{"id":2542,"date":"2021-02-07T09:45:27","date_gmt":"2021-02-07T09:45:27","guid":{"rendered":"http:\/\/skstudenec.cz\/?p=2542"},"modified":"2021-02-07T09:45:27","modified_gmt":"2021-02-07T09:45:27","slug":"uspesne-starty-marka-uvizla","status":"publish","type":"post","link":"http:\/\/skstudenec.cz\/index.php\/atletika\/uspesne-starty-marka-uvizla\/","title":{"rendered":"\u00dasp\u011b\u0161n\u00e9 starty Marka Uvizla"},"content":{"rendered":"\n<p>V polovin\u011b prosince 2020 prob\u011bhlo Mistrovstv\u00ed \u010cR v krosu, kter\u00e9 se konalo v B\u011bchovic\u00edch u Prahy. Sv\u00e9 v\u00fdrazn\u00e9 zastoupen\u00ed zde m\u011bl i atletick\u00fd odd\u00edl SK Studenec. Marek Uvizl startoval v kategorii m\u00edla\u0159\u016f a a\u017e do z\u00e1v\u011bre\u010dn\u00fdch metr\u016f bojoval medaili. Nakonec z toho bylo nepopul\u00e1rn\u00ed 4.m\u00edsto, kter\u00e9 je v\u0161ak vzhledem ke startovn\u00edm poli rozhodn\u011b \u00fasp\u011bchem.<\/p>\n\n\n\n<p>Marek Uvizl vyu\u017eil i mo\u017enosti startovat v n\u00e1rodn\u00edm programu Czech Indoor Gala v Ostrav\u011b po\u010d\u00e1tkem \u00fanora. V b\u011bhu na 1500 m obsadil ve sv\u00e9m osobn\u00edm rekordu \u010dasem 3:59.00 kone\u010dn\u00e9 5.m\u00edsto.<\/p>\n","protected":false},"excerpt":{"rendered":"<p>V polovin\u011b prosince 2020 prob\u011bhlo Mistrovstv\u00ed \u010cR v krosu, kter\u00e9 se konalo v B\u011bchovic\u00edch u Prahy. Sv\u00e9 v\u00fdrazn\u00e9 zastoupen\u00ed zde m\u011bl i atletick\u00fd odd\u00edl SK Studenec. Marek Uvizl startoval v kategorii m\u00edla\u0159\u016f a a\u017e do z\u00e1v\u011bre\u010dn\u00fdch metr\u016f bojoval medaili. Nakonec z toho bylo nepopul\u00e1rn\u00ed 4.m\u00edsto, kter\u00e9 je v\u0161ak vzhledem ke<span class=\"more-link\"><a href=\"http:\/\/skstudenec.cz\/index.php\/atletika\/uspesne-starty-marka-uvizla\/\">V\u00cdCE<\/a><\/span><\/p>\n","protected":false},"author":2,"featured_media":0,"comment_status":"closed","ping_status":"closed","sticky":false,"template":"","format":"standard","meta":{"footnotes":""},"categories":[24],"tags":[],"_links":{"self":[{"href":"http:\/\/skstudenec.cz\/index.php\/wp-json\/wp\/v2\/posts\/2542"}],"collection":[{"href":"http:\/\/skstudenec.cz\/index.php\/wp-json\/wp\/v2\/posts"}],"about":[{"href":"http:\/\/skstudenec.cz\/index.php\/wp-json\/wp\/v2\/types\/post"}],"author":[{"embeddable":true,"href":"http:\/\/skstudenec.cz\/index.php\/wp-json\/wp\/v2\/users\/2"}],"replies":[{"embeddable":true,"href":"http:\/\/skstudenec.cz\/index.php\/wp-json\/wp\/v2\/comments?post=2542"}],"version-history":[{"count":1,"href":"http:\/\/skstudenec.cz\/index.php\/wp-json\/wp\/v2\/posts\/2542\/revisions"}],"predecessor-version":[{"id":2543,"href":"http:\/\/skstudenec.cz\/index.php\/wp-json\/wp\/v2\/posts\/2542\/revisions\/2543"}],"wp:attachment":[{"href":"http:\/\/skstudenec.cz\/index.php\/wp-json\/wp\/v2\/media?parent=2542"}],"wp:term":[{"taxonomy":"category","embeddable":true,"href":"http:\/\/skstudenec.cz\/index.php\/wp-json\/wp\/v2\/categories?post=2542"},{"taxonomy":"post_tag","embeddable":true,"href":"http:\/\/skstudenec.cz\/index.php\/wp-json\/wp\/v2\/tags?post=2542"}],"curies":[{"name":"wp","href":"https:\/\/api.w.org\/{rel}","templated":true}]}}