{"id":2549,"date":"2021-02-17T14:04:50","date_gmt":"2021-02-17T14:04:50","guid":{"rendered":"http:\/\/skstudenec.cz\/?p=2549"},"modified":"2021-05-24T14:53:24","modified_gmt":"2021-05-24T14:53:24","slug":"za-ladou-hrubym","status":"publish","type":"post","link":"http:\/\/skstudenec.cz\/index.php\/oos\/za-ladou-hrubym\/","title":{"rendered":"Za L\u00e1\u010fou Hrub\u00fdm"},"content":{"rendered":"\n<p>N\u011bkter\u00fdm zpr\u00e1v\u00e1m se zdr\u00e1h\u00e1me uv\u011b\u0159it a st\u00e1le douf\u00e1me, \u017ee je to jen jedna z fale\u0161n\u00fdch zpr\u00e1v. K takov\u00fdm zpr\u00e1v\u00e1m pat\u0159\u00ed i ta dne\u0161n\u00ed (17.2.2021). Do sv\u00e9ho nebesk\u00e9ho orien\u0165\u00e1ck\u00e9ho kr\u00e1lovstv\u00ed se t\u00e9m\u011b\u017e bez rozlou\u010den\u00ed odebral L\u00e1\u010fa Hrub\u00fd, dlouholet\u00fd tren\u00e9r na\u0161eho klubu.<\/p>\n\n\n\n<!--more-->\n\n\n\n<p>Jeho otcem byl Ladislav Hrub\u00fd, \u010desk\u00fd reprezentant v b\u011bhu na ly\u017e\u00edch, \u00fa\u010dastn\u00edk olympijsk\u00fdch her v Innsbrucku v roce 1964 a mimo jin\u00e9 v\u00edt\u011bz prvn\u00edho ro\u010dn\u00edku B\u011bhu na \u017dal\u00fd v roce 1966. <\/p>\n\n\n\n<p>L\u00e1\u010fa se v\u0161ak od ml\u00e1d\u00ed v\u011bnoval orienta\u010dn\u00edmu b\u011bhu a v dorosteneck\u00fdch kategori\u00edch se umis\u0165oval v prvn\u00ed des\u00edtce na z\u00e1vodech Mistrovstv\u00ed tehdej\u0161\u00ed \u010cSSR.  Jedinou medaili z\u00edskal v kategorii H17 v roce 1972 ve sv\u00e9m obl\u00edben\u00e9m no\u010dn\u00edm orienta\u010dn\u00edm b\u011bhu, kdy dob\u011bhl na 2.m\u00edst\u011b za Ji\u0159\u00edm Cabrnochem  a p\u0159ed Jaroslavem Ka\u010dmar\u010d\u00edkem.  Bronzovou medaili mezi dosp\u011bl\u00fdmi z\u00edskal v roce 1979 v dresu TJ Ji\u010d\u00edn v z\u00e1vod\u011b \u0161tafet (Ladislav Hrub\u00fd, P\u0159emek \u0160koda, Ji\u0159\u00ed Tich\u00e1\u010dek, Jaroslav Ka\u010dmar\u010d\u00edk). <\/p>\n\n\n\n<p>V ji\u010d\u00ednsk\u00e9m klubu se v\u00fdrazn\u011b pod\u00edlel na organizaci tradi\u010dn\u00edch P\u011btidenn\u00edch, kter\u00e9 p\u0159il\u00e1kaly na dne\u0161n\u00ed dobu j\u00ed\u017e neuskute\u010dniteln\u00e9 mno\u017estv\u00ed z\u00e1vodn\u00edk\u016f. Jako tren\u00e9r se pod\u00edlel na \u00fasp\u011b\u0161\u00edch ji\u010d\u00ednsk\u00e9ho klubu, kter\u00e9 vyvrcholily ziskem nejen \u010deskoslovensk\u00fdch a \u010desk\u00fdch titul\u016f, ale i evropsk\u00fdch a sv\u011btov\u00fdch. <\/p>\n\n\n\n<p>V roce 2003 p\u0159ech\u00e1z\u00ed do Studence a p\u0159ipravuje tr\u00e9ninky pro odd\u00edly z Podkrkono\u0161\u00ed a spoluzakl\u00e1d\u00e1 Podkrkono\u0161skou ligu. Tren\u00e9rsky se v\u011bnuje p\u0159edev\u0161\u00edm dorostu a pro studeneck\u00fd klub p\u0159in\u00e1\u0161\u00ed prvn\u00ed mistrovsk\u00e9 medaile. Organizuje soust\u0159ed\u011bn\u00ed nejen pro studeneck\u00fd klub, ale i pro ostatn\u00ed odd\u00edly a p\u0159ipravuje legend\u00e1rn\u00ed z\u00e1jezdy do \u0160v\u00fdcarska, Norska a Slovensk\u00e9ho krasu.  <\/p>\n\n\n\n<p>Jeho odchod je pro SK Studenec velkou ztr\u00e1tou (je\u0161t\u011b p\u0159ed p\u00e1r dny jsme pl\u00e1novali, co n\u00e1s letos \u010dek\u00e1)  a z\u016fst\u00e1v\u00e1 nav\u017edy zaps\u00e1n v kr\u00e1tk\u00e9 historii  orienta\u010dn\u00edho b\u011bhu ve Studenci. L\u00e1\u010fo, moc d\u011bkujeme&#8230;&#8230;<br><\/p>\n\n\n\n<figure class=\"wp-block-image is-resized\"><img decoding=\"async\" loading=\"lazy\" src=\"http:\/\/skstudenec.cz\/wp-content\/uploads\/2021\/02\/PA280003-768x1024.jpg\" alt=\"\" class=\"wp-image-2553\" width=\"591\" height=\"788\" srcset=\"http:\/\/skstudenec.cz\/wp-content\/uploads\/2021\/02\/PA280003-768x1024.jpg 768w, http:\/\/skstudenec.cz\/wp-content\/uploads\/2021\/02\/PA280003-225x300.jpg 225w, http:\/\/skstudenec.cz\/wp-content\/uploads\/2021\/02\/PA280003-413x550.jpg 413w, http:\/\/skstudenec.cz\/wp-content\/uploads\/2021\/02\/PA280003-375x500.jpg 375w, http:\/\/skstudenec.cz\/wp-content\/uploads\/2021\/02\/PA280003.jpg 960w\" sizes=\"(max-width: 591px) 100vw, 591px\" \/><figcaption>Ladislav Hrub\u00fd (1955 &#8211; 2021)<\/figcaption><\/figure>\n\n\n\n<p> <br><\/p>\n","protected":false},"excerpt":{"rendered":"<p>N\u011bkter\u00fdm zpr\u00e1v\u00e1m se zdr\u00e1h\u00e1me uv\u011b\u0159it a st\u00e1le douf\u00e1me, \u017ee je to jen jedna z fale\u0161n\u00fdch zpr\u00e1v. K takov\u00fdm zpr\u00e1v\u00e1m pat\u0159\u00ed i ta dne\u0161n\u00ed (17.2.2021). Do sv\u00e9ho nebesk\u00e9ho orien\u0165\u00e1ck\u00e9ho kr\u00e1lovstv\u00ed se t\u00e9m\u011b\u017e bez rozlou\u010den\u00ed odebral L\u00e1\u010fa Hrub\u00fd, dlouholet\u00fd tren\u00e9r na\u0161eho klubu.<span class=\"more-link\"><a href=\"http:\/\/skstudenec.cz\/index.php\/oos\/za-ladou-hrubym\/\">V\u00cdCE<\/a><\/span><\/p>\n","protected":false},"author":2,"featured_media":2553,"comment_status":"closed","ping_status":"closed","sticky":false,"template":"","format":"standard","meta":{"footnotes":""},"categories":[36,3],"tags":[],"_links":{"self":[{"href":"http:\/\/skstudenec.cz\/index.php\/wp-json\/wp\/v2\/posts\/2549"}],"collection":[{"href":"http:\/\/skstudenec.cz\/index.php\/wp-json\/wp\/v2\/posts"}],"about":[{"href":"http:\/\/skstudenec.cz\/index.php\/wp-json\/wp\/v2\/types\/post"}],"author":[{"embeddable":true,"href":"http:\/\/skstudenec.cz\/index.php\/wp-json\/wp\/v2\/users\/2"}],"replies":[{"embeddable":true,"href":"http:\/\/skstudenec.cz\/index.php\/wp-json\/wp\/v2\/comments?post=2549"}],"version-history":[{"count":8,"href":"http:\/\/skstudenec.cz\/index.php\/wp-json\/wp\/v2\/posts\/2549\/revisions"}],"predecessor-version":[{"id":2586,"href":"http:\/\/skstudenec.cz\/index.php\/wp-json\/wp\/v2\/posts\/2549\/revisions\/2586"}],"wp:featuredmedia":[{"embeddable":true,"href":"http:\/\/skstudenec.cz\/index.php\/wp-json\/wp\/v2\/media\/2553"}],"wp:attachment":[{"href":"http:\/\/skstudenec.cz\/index.php\/wp-json\/wp\/v2\/media?parent=2549"}],"wp:term":[{"taxonomy":"category","embeddable":true,"href":"http:\/\/skstudenec.cz\/index.php\/wp-json\/wp\/v2\/categories?post=2549"},{"taxonomy":"post_tag","embeddable":true,"href":"http:\/\/skstudenec.cz\/index.php\/wp-json\/wp\/v2\/tags?post=2549"}],"curies":[{"name":"wp","href":"https:\/\/api.w.org\/{rel}","templated":true}]}}