{"id":266,"date":"2018-01-04T19:29:50","date_gmt":"2018-01-04T19:29:50","guid":{"rendered":"http:\/\/skstudenec.cz\/?p=266"},"modified":"2018-01-05T11:32:17","modified_gmt":"2018-01-05T11:32:17","slug":"sdruzeny-tym-dorostu","status":"publish","type":"post","link":"http:\/\/skstudenec.cz\/index.php\/fotbal\/sdruzeny-tym-dorostu\/","title":{"rendered":"Sdru\u017een\u00fd t\u00fdm dorostu"},"content":{"rendered":"<p style=\"text-align: left\"><span style=\"font-family: 'Arial','sans-serif'\"><span style=\"color: #000000\">Ani v t\u00e9to sez\u00f3n\u011b se nepoda\u0159ilo obsadit sout\u011b\u017e dorostu, i kdy\u017e byla nab\u00eddnuta jak v semilsk\u00e9m okrese, tak i v r\u00e1mci Libereck\u00e9ho kraje jako I. A t\u0159\u00edda. Proto se op\u011bt tzv. sdru\u017een\u00e9 dru\u017estvo Studenec\/Martinice zapojilo do okresn\u00ed p\u0159eboru v r\u00e1mci OFS Ji\u010d\u00edn, tentokr\u00e1t pod patron\u00e1tem SK Studenec (p\u011bt ze sedmi \u00fa\u010dastn\u00edk\u016f t\u00e9to sout\u011b\u017ee jsou sdru\u017een\u00e9 t\u00fdmy ze dvou klub\u016f). Hlavn\u00ed pod\u00edl na zaji\u0161t\u011bn\u00ed podzimu nese na sv\u00fdch bedrech Kuba Str\u00e1nsk\u00fd za \u00fa\u010dinn\u00e9 pomoci Va\u0161ka Vancla. V\u011bt\u0161ina hr\u00e1\u010d\u016f v\u0161ak je\u0161t\u011b nastupovala za t\u00fdmy dosp\u011bl\u00fdch, a tak se sestava m\u011bnila v t\u00e9m\u011b\u0159 ka\u017ed\u00e9m z\u00e1pase v\u010detn\u011b startu star\u0161\u00edch \u017e\u00e1k\u016f a v posledn\u00edch z\u00e1pasech musela nasko\u010dit i Linda Zahradn\u00edkov\u00e1. V\u00a0jednotliv\u00fdch z\u00e1pasech podzimu se vyst\u0159\u00eddalo celkem 23 hr\u00e1\u010d\u016f, z toho 19 hr\u00e1\u010d\u016f SK Studenec (z toho sedm z kategorie star\u0161\u00edch \u017e\u00e1k\u016f) a 4 hr\u00e1\u010di ze Sokola Martinice. Odli\u0161nost\u00ed t\u00e9to sout\u011b\u017ee je st\u0159elba pokutov\u00fdch kop\u016f p\u0159i nerozhodn\u00e9m v\u00fdsledku. <\/span><\/span><\/p>\n<p>&nbsp;<\/p>\n","protected":false},"excerpt":{"rendered":"<p>Ani v t\u00e9to sez\u00f3n\u011b se nepoda\u0159ilo obsadit sout\u011b\u017e dorostu, i kdy\u017e byla nab\u00eddnuta jak v semilsk\u00e9m okrese, tak i v r\u00e1mci Libereck\u00e9ho kraje jako I. A t\u0159\u00edda. Proto se op\u011bt tzv. sdru\u017een\u00e9 dru\u017estvo Studenec\/Martinice zapojilo do okresn\u00ed p\u0159eboru v r\u00e1mci OFS Ji\u010d\u00edn, tentokr\u00e1t pod patron\u00e1tem SK Studenec (p\u011bt ze sedmi<span class=\"more-link\"><a href=\"http:\/\/skstudenec.cz\/index.php\/fotbal\/sdruzeny-tym-dorostu\/\">V\u00cdCE<\/a><\/span><\/p>\n","protected":false},"author":2,"featured_media":0,"comment_status":"closed","ping_status":"open","sticky":false,"template":"","format":"standard","meta":{"footnotes":""},"categories":[12,4],"tags":[],"_links":{"self":[{"href":"http:\/\/skstudenec.cz\/index.php\/wp-json\/wp\/v2\/posts\/266"}],"collection":[{"href":"http:\/\/skstudenec.cz\/index.php\/wp-json\/wp\/v2\/posts"}],"about":[{"href":"http:\/\/skstudenec.cz\/index.php\/wp-json\/wp\/v2\/types\/post"}],"author":[{"embeddable":true,"href":"http:\/\/skstudenec.cz\/index.php\/wp-json\/wp\/v2\/users\/2"}],"replies":[{"embeddable":true,"href":"http:\/\/skstudenec.cz\/index.php\/wp-json\/wp\/v2\/comments?post=266"}],"version-history":[{"count":2,"href":"http:\/\/skstudenec.cz\/index.php\/wp-json\/wp\/v2\/posts\/266\/revisions"}],"predecessor-version":[{"id":268,"href":"http:\/\/skstudenec.cz\/index.php\/wp-json\/wp\/v2\/posts\/266\/revisions\/268"}],"wp:attachment":[{"href":"http:\/\/skstudenec.cz\/index.php\/wp-json\/wp\/v2\/media?parent=266"}],"wp:term":[{"taxonomy":"category","embeddable":true,"href":"http:\/\/skstudenec.cz\/index.php\/wp-json\/wp\/v2\/categories?post=266"},{"taxonomy":"post_tag","embeddable":true,"href":"http:\/\/skstudenec.cz\/index.php\/wp-json\/wp\/v2\/tags?post=266"}],"curies":[{"name":"wp","href":"https:\/\/api.w.org\/{rel}","templated":true}]}}