{"id":3221,"date":"2023-02-06T17:08:11","date_gmt":"2023-02-06T17:08:11","guid":{"rendered":"http:\/\/skstudenec.cz\/?p=3221"},"modified":"2023-02-06T17:25:29","modified_gmt":"2023-02-06T17:25:29","slug":"lob-2023-v-nedeli-prijedou-lvicata-z-ceske-televize","status":"publish","type":"post","link":"http:\/\/skstudenec.cz\/index.php\/oos\/lob-2023\/lob-2023-v-nedeli-prijedou-lvicata-z-ceske-televize\/","title":{"rendered":"LOB 2023: V ned\u011bli p\u0159ijedou Lv\u00ed\u010data z \u010cesk\u00e9 televize"},"content":{"rendered":"\n<p>Na ned\u011bln\u00ed z\u00e1vod se p\u0159ijede pod\u00edvat po\u0159ad Lv\u00ed\u010data \u010cesk\u00e9 televize, kan\u00e1lu D\u00e9\u010dko. Zam\u011b\u0159\u00ed se hlavn\u011b na kategorie mlad\u0161\u00edch \u017e\u00e1ky\u0148 a \u017e\u00e1k\u016f, to jest D12 a H12.<\/p>\n\n\n\n<!--more-->\n\n\n\n<p>Lv\u00ed\u010data nejsou na na\u0161ich z\u00e1vodech poprv\u00e9. Nat\u00e1\u010dela i v Roudnici v Krkono\u0161\u00edch v roce 2018 a v Rejdic\u00edch v roce 2020. <\/p>\n\n\n\n<p>V\u00edce na str\u00e1nk\u00e1ch \u010cesk\u00e9 televize:<\/p>\n\n\n\n<ul><li>d\u00edl z <a rel=\"noreferrer noopener\" aria-label=\"7. b\u0159ezna 2020 (otev\u0159e se na nov\u00e9 z\u00e1lo\u017ece)\" href=\"https:\/\/www.ceskatelevize.cz\/porady\/10655256238-lvicata\/220553110040006\/\" target=\"_blank\">7. b\u0159ezna 2020<\/a> (od \u010dasu 14:00)<\/li><li>d\u00edl z <a rel=\"noreferrer noopener\" aria-label=\"13. b\u0159ezna 2018 (otev\u0159e se na nov\u00e9 z\u00e1lo\u017ece)\" href=\"https:\/\/www.ceskatelevize.cz\/porady\/10655256238-lvicata\/218553110040010\/\" target=\"_blank\">13. b\u0159ezna 2018<\/a> (od \u010dasu 14:00)<\/li><\/ul>\n","protected":false},"excerpt":{"rendered":"<p>Na ned\u011bln\u00ed z\u00e1vod se p\u0159ijede pod\u00edvat po\u0159ad Lv\u00ed\u010data \u010cesk\u00e9 televize, kan\u00e1lu D\u00e9\u010dko. Zam\u011b\u0159\u00ed se hlavn\u011b na kategorie mlad\u0161\u00edch \u017e\u00e1ky\u0148 a \u017e\u00e1k\u016f, to jest D12 a H12.<span class=\"more-link\"><a href=\"http:\/\/skstudenec.cz\/index.php\/oos\/lob-2023\/lob-2023-v-nedeli-prijedou-lvicata-z-ceske-televize\/\">V\u00cdCE<\/a><\/span><\/p>\n","protected":false},"author":1,"featured_media":494,"comment_status":"closed","ping_status":"closed","sticky":false,"template":"","format":"standard","meta":{"footnotes":""},"categories":[42],"tags":[],"_links":{"self":[{"href":"http:\/\/skstudenec.cz\/index.php\/wp-json\/wp\/v2\/posts\/3221"}],"collection":[{"href":"http:\/\/skstudenec.cz\/index.php\/wp-json\/wp\/v2\/posts"}],"about":[{"href":"http:\/\/skstudenec.cz\/index.php\/wp-json\/wp\/v2\/types\/post"}],"author":[{"embeddable":true,"href":"http:\/\/skstudenec.cz\/index.php\/wp-json\/wp\/v2\/users\/1"}],"replies":[{"embeddable":true,"href":"http:\/\/skstudenec.cz\/index.php\/wp-json\/wp\/v2\/comments?post=3221"}],"version-history":[{"count":6,"href":"http:\/\/skstudenec.cz\/index.php\/wp-json\/wp\/v2\/posts\/3221\/revisions"}],"predecessor-version":[{"id":3228,"href":"http:\/\/skstudenec.cz\/index.php\/wp-json\/wp\/v2\/posts\/3221\/revisions\/3228"}],"wp:featuredmedia":[{"embeddable":true,"href":"http:\/\/skstudenec.cz\/index.php\/wp-json\/wp\/v2\/media\/494"}],"wp:attachment":[{"href":"http:\/\/skstudenec.cz\/index.php\/wp-json\/wp\/v2\/media?parent=3221"}],"wp:term":[{"taxonomy":"category","embeddable":true,"href":"http:\/\/skstudenec.cz\/index.php\/wp-json\/wp\/v2\/categories?post=3221"},{"taxonomy":"post_tag","embeddable":true,"href":"http:\/\/skstudenec.cz\/index.php\/wp-json\/wp\/v2\/tags?post=3221"}],"curies":[{"name":"wp","href":"https:\/\/api.w.org\/{rel}","templated":true}]}}