{"id":325,"date":"2018-01-17T16:33:11","date_gmt":"2018-01-17T16:33:11","guid":{"rendered":"http:\/\/skstudenec.cz\/?p=325"},"modified":"2018-01-28T13:04:44","modified_gmt":"2018-01-28T13:04:44","slug":"za-jirkou-dostalkem","status":"publish","type":"post","link":"http:\/\/skstudenec.cz\/index.php\/fotbal\/za-jirkou-dostalkem\/","title":{"rendered":"Za Jirkou Dost\u00e1lkem"},"content":{"rendered":"<p>T\u0159et\u00ed lednov\u00fd t\u00fdden p\u0159inesl smutnou zpr\u00e1vu, v nedo\u017eit\u00fdch 75 letech dohr\u00e1l sv\u016fj \u017eivotn\u00ed z\u00e1pas Jirka Dost\u00e1lek, dlouholet\u00fd vedouc\u00ed A t\u00fdmu, fotbalov\u00fd rozhod\u010d\u00ed\u00a0 a p\u0159edev\u0161\u00edm v\u011brn\u00fd fanou\u0161ek, kter\u00fd pat\u0159il k t\u00e9 dobr\u00e9 &#8222;star\u00e9 gard\u011b&#8220;, je\u017e sv\u00fdm osobit\u00fdm zp\u016fsobem komentovala d\u011bn\u00ed na h\u0159i\u0161ti. Obl\u00e9kal i dres internacion\u00e1l\u016f a do d\u011bjin se nezapomenuteln\u011b zapsal n\u00e1dhern\u00fdm g\u00f3lem hlavou p\u0159i dru\u017eebn\u00edm z\u00e1pase ve Studenci u T\u0159eb\u00ed\u010de. Fotbal miloval a obdivoval Johanna Cruyffa a odtud bylo tak\u00e9 bl\u00edzko k jedn\u00e9 z jeho p\u0159edzd\u00edvek.\u00a0 Jirko, d\u011bkujeme Ti, \u017ee jsi byl s n\u00e1mi.<\/p>\n","protected":false},"excerpt":{"rendered":"<p>T\u0159et\u00ed lednov\u00fd t\u00fdden p\u0159inesl smutnou zpr\u00e1vu, v nedo\u017eit\u00fdch 75 letech dohr\u00e1l sv\u016fj \u017eivotn\u00ed z\u00e1pas Jirka Dost\u00e1lek, dlouholet\u00fd vedouc\u00ed A t\u00fdmu, fotbalov\u00fd rozhod\u010d\u00ed\u00a0 a p\u0159edev\u0161\u00edm v\u011brn\u00fd fanou\u0161ek, kter\u00fd pat\u0159il k t\u00e9 dobr\u00e9 &#8222;star\u00e9 gard\u011b&#8220;, je\u017e sv\u00fdm osobit\u00fdm zp\u016fsobem komentovala d\u011bn\u00ed na h\u0159i\u0161ti. Obl\u00e9kal i dres internacion\u00e1l\u016f a do d\u011bjin se nezapomenuteln\u011b<span class=\"more-link\"><a href=\"http:\/\/skstudenec.cz\/index.php\/fotbal\/za-jirkou-dostalkem\/\">V\u00cdCE<\/a><\/span><\/p>\n","protected":false},"author":2,"featured_media":367,"comment_status":"closed","ping_status":"open","sticky":false,"template":"","format":"standard","meta":{"footnotes":""},"categories":[4,17],"tags":[],"_links":{"self":[{"href":"http:\/\/skstudenec.cz\/index.php\/wp-json\/wp\/v2\/posts\/325"}],"collection":[{"href":"http:\/\/skstudenec.cz\/index.php\/wp-json\/wp\/v2\/posts"}],"about":[{"href":"http:\/\/skstudenec.cz\/index.php\/wp-json\/wp\/v2\/types\/post"}],"author":[{"embeddable":true,"href":"http:\/\/skstudenec.cz\/index.php\/wp-json\/wp\/v2\/users\/2"}],"replies":[{"embeddable":true,"href":"http:\/\/skstudenec.cz\/index.php\/wp-json\/wp\/v2\/comments?post=325"}],"version-history":[{"count":1,"href":"http:\/\/skstudenec.cz\/index.php\/wp-json\/wp\/v2\/posts\/325\/revisions"}],"predecessor-version":[{"id":326,"href":"http:\/\/skstudenec.cz\/index.php\/wp-json\/wp\/v2\/posts\/325\/revisions\/326"}],"wp:featuredmedia":[{"embeddable":true,"href":"http:\/\/skstudenec.cz\/index.php\/wp-json\/wp\/v2\/media\/367"}],"wp:attachment":[{"href":"http:\/\/skstudenec.cz\/index.php\/wp-json\/wp\/v2\/media?parent=325"}],"wp:term":[{"taxonomy":"category","embeddable":true,"href":"http:\/\/skstudenec.cz\/index.php\/wp-json\/wp\/v2\/categories?post=325"},{"taxonomy":"post_tag","embeddable":true,"href":"http:\/\/skstudenec.cz\/index.php\/wp-json\/wp\/v2\/tags?post=325"}],"curies":[{"name":"wp","href":"https:\/\/api.w.org\/{rel}","templated":true}]}}