{"id":3547,"date":"2023-07-31T14:33:44","date_gmt":"2023-07-31T14:33:44","guid":{"rendered":"http:\/\/skstudenec.cz\/?p=3547"},"modified":"2023-08-05T15:14:03","modified_gmt":"2023-08-05T15:14:03","slug":"bohemia-2023-spolecne-se-svetovou-spickou","status":"publish","type":"post","link":"http:\/\/skstudenec.cz\/index.php\/oos\/bohemia-2023-spolecne-se-svetovou-spickou\/","title":{"rendered":"Bohemia 2023 spole\u010dn\u011b se sv\u011btovou \u0161pi\u010dkou"},"content":{"rendered":"\n<p>M\u00e1lokdy se sportovci povede sout\u011b\u017eit na &#8222;stejn\u00e9m h\u0159i\u0161ti&#8220; spole\u010dn\u011b s absolutn\u00ed \u0161pi\u010dkou ve sv\u00e9m sportu. Na leto\u0161n\u00edch p\u011btidenn\u00edch z\u00e1vodech Bohemia, kter\u00e9 prob\u00edhaly od 23. do 27. \u010dervence 2023 se to studeneck\u00fdm z\u00e1vodn\u00edk\u016fm povedlo.<\/p>\n\n\n\n<p>D\u00edky tomu, \u017ee jen o 20 km od prostor\u016f Bohemie byl napl\u00e1novan\u00fd prvn\u00ed srpnov\u00fd t\u00fdden Sv\u011btov\u00fd poh\u00e1r v orienta\u010dn\u00edm b\u011bhu, tak na testov\u00e1n\u00ed ter\u00e9nu dorazili mezi jin\u00fdmi \u010derstv\u00ed \u00fa\u0159aduj\u00edc\u00ed mist\u0159i sv\u011bta na klasick\u00e9 trati Kasper Harlem Fosser z Norska a Simone Aebersold ze \u0160v\u00fdcarska nebo \u00fa\u0159aduj\u00edc\u00ed mistryn\u011b sv\u011bta na kr\u00e1tk\u00e9 trati (a celkov\u011b dr\u017eitelka 31 medail\u00ed z Mistrovstv\u00ed sv\u011bta) Tove Alexandersson ze \u0160v\u00e9dska.<\/p>\n\n\n\n<p>Po\u0159adatel\u00e9 namixovali z\u00e1bavnou kombinaci ter\u00e9n\u016f z jednoho shroma\u017edi\u0161t\u011b. Prvn\u00ed etapu jednodu\u0161\u0161\u00ed a plo\u0161\u0161\u00ed skalky na sezn\u00e1men\u00ed. Druhou etapu kopcovitou klasickou tra\u0165 s t\u011b\u017ek\u00fdmi pas\u00e1\u017eemi ve skal\u00e1ch. T\u0159et\u00ed etapu netradi\u010dn\u00ed lesn\u00ed sprint v extra \u010dlenit\u00e9m ter\u00e9nu. \u010ctvrtou etapu t\u011b\u017ekou kr\u00e1tkou tra\u0165 ve velk\u00fdch skal\u00e1ch. P\u00e1tou etapu pak celkem b\u011b\u017eeckou a dlouhou, kde se je\u0161t\u011b ve st\u00edhac\u00edm z\u00e1vod\u011b m\u011bnilo celkov\u00e9 po\u0159ad\u00ed.<\/p>\n\n\n\n<p>V celkov\u00fdch v\u00fdsledc\u00edch se miniv\u00fdprav\u011b da\u0159ilo. Prvn\u00ed v H45A skon\u010dil Petr Junek ml., t\u0159et\u00ed v D21B Lucka Ku\u010derov\u00e1 a v H21B Michalovi Ku\u010derovi zabr\u00e1nily od \u00fasp\u011bchu na stupn\u00edch pracovn\u00ed povinnosti, kdy vynechal jednu etapu.<\/p>\n\n\n\n<figure class=\"wp-block-image\"><img decoding=\"async\" loading=\"lazy\" width=\"1024\" height=\"694\" src=\"http:\/\/skstudenec.cz\/wp-content\/uploads\/2023\/08\/20230805_170731-1024x694.jpg\" alt=\"\" class=\"wp-image-3549\"\/><\/figure>\n\n\n\n<figure class=\"wp-block-image\"><img decoding=\"async\" loading=\"lazy\" width=\"1024\" height=\"641\" src=\"http:\/\/skstudenec.cz\/wp-content\/uploads\/2023\/08\/20230730_125454-e1691248137222-1024x641.jpg\" alt=\"\" class=\"wp-image-3550\"\/><\/figure>\n\n\n\n<p><strong>St\u0159eda 23. \u010dervence 2023 &#8211; Z\u00e1ho\u0159\u00edn &#8211; 1. etapa<\/strong><\/p>\n\n\n\n<p>Kategorie: D16A<br>\n1.\u0160est\u00e1kov\u00e1 Johana (Slavia Liberec orienteering) 26:47<br>\n11.Chr\u00e1stov\u00e1 Barbora (SK Studenec) 32:56 (+ 6:09)<br>\nCelkem 30 z\u00e1vodn\u00edk\u016f.<\/p>\n\n\n\n<p>Kategorie: D21B<br>\n1.Nakvose Nadezhda (146 OSK Sakas) 33:43<br>\n2.Ku\u010derov\u00e1 Lucie (SK Studenec) 34:56 (+ 1:13)<br>\nCelkem 34 z\u00e1vodn\u00edk\u016f.<\/p>\n\n\n\n<p>Kategorie: D45A<br>\n1.Teringlov\u00e1 Martina (OB \u010cesk\u00e9 Bud\u011bjovice) 41:30<br>\n26.Junkov\u00e1 Petra (SK Studenec) 69:37 (+ 28:07)<br>\nCelkem 33 z\u00e1vodn\u00edk\u016f.<\/p>\n\n\n\n<p>Kategorie: H21B<br>\n1.Macek Ji\u0159\u00ed (KOB Litv\u00ednov) 40:39<br>\n3.Ku\u010dera Michal (SK Studenec) 45:07 (+ 4:28)<br>\nCelkem 31 z\u00e1vodn\u00edk\u016f.<\/p>\n\n\n\n<p>Kategorie: H45A<br>\n1.Nielsen Troels (026 Horsens OK) 28:12<br>\n3.Junek Petr (SK Studenec) 29:22 (+ 1:10)<br>\nCelkem 33 z\u00e1vodn\u00edk\u016f.<\/p>\n\n\n\n<p><strong>\u010ctvrtek 24. \u010dervence 2023 &#8211; Z\u00e1ho\u0159\u00edn &#8211; 2. etapa <\/strong><\/p>\n\n\n\n<p>Kategorie: D16A<br>\n1.Novotn\u00e1 Karol\u00edna (OOB TJ Turnov) 38:47<br>\n6.Chr\u00e1stov\u00e1 Barbora (SK Studenec) 47:18 (+ 8:31)<br>\nCelkem 30 z\u00e1vodn\u00edk\u016f.<\/p>\n\n\n\n<p>Kategorie: D21B<br>\n1.Nakvose Nadezhda (146 OSK Sakas) 43:43<br>\n10.Ku\u010derov\u00e1 Lucie (SK Studenec) 54:05 (+ 10:22)<br>\nCelkem 34 z\u00e1vodn\u00edk\u016f.<\/p>\n\n\n\n<p>Kategorie: D45A<br>\n1.M\u00edkov\u00e1 Lenka (OB \u010cesk\u00e9 Bud\u011bjovice) 46:27<br>\n14.Junkov\u00e1 Petra (SK Studenec) 65:55 (+ 19:28)<br>\nCelkem 33 z\u00e1vodn\u00edk\u016f.<\/p>\n\n\n\n<p>Kategorie: F5<br>\n1.Bl\u00e1ha Michal (USK Praha) 44:35<br>\n4.Ku\u010dera Michal (SK Studenec) 73:03 (+ 28:28)<br>\nCelkem 34 z\u00e1vodn\u00edk\u016f.<\/p>\n\n\n\n<p>Kategorie: H45A<br>\n1.Junek Petr (SK Studenec) 49:47<br>\nCelkem 33 z\u00e1vodn\u00edk\u016f.<\/p>\n\n\n\n<figure class=\"wp-block-image\"><img decoding=\"async\" loading=\"lazy\" width=\"1024\" height=\"742\" src=\"http:\/\/skstudenec.cz\/wp-content\/uploads\/2023\/08\/20230803_102327-1-e1691053713141-1024x742.jpg\" alt=\"\" class=\"wp-image-3514\"\/><\/figure>\n\n\n\n<p><strong>P\u00e1tek 25. \u010dervence 2023 &#8211; Z\u00e1ho\u0159\u00edn &#8211; 3. etapa <\/strong><\/p>\n\n\n\n<p>Kategorie: D16A<br>\n1.Kudrn\u00e1\u010dov\u00e1 Marta (OK Kamenice) 18:33<br>\n14.Chr\u00e1stov\u00e1 Barbora (SK Studenec) 25:22 (+ 6:49)<br>\nCelkem 31 z\u00e1vodn\u00edk\u016f.<\/p>\n\n\n\n<p>Kategorie: D21B<br>\n1.Vejstrkov\u00e1 Martina (OK Chrastava) 21:48<br>\n2.Ku\u010derov\u00e1 Lucie (SK Studenec) 23:54 (+ 2:06)<br>\nCelkem 34 z\u00e1vodn\u00edk\u016f.<\/p>\n\n\n\n<p>Kategorie: D45A<br>\n1.Teringlov\u00e1 Martina (OB \u010cesk\u00e9 Bud\u011bjovice) 16:56<br>\n29.Junkov\u00e1 Petra (SK Studenec) 42:57 (+ 26:01)<br>\nCelkem 35 z\u00e1vodn\u00edk\u016f.<\/p>\n\n\n\n<p>Kategorie: H21B<br>\n1.Ku\u010dera Michal (SK Studenec) 26:20<br>\nCelkem 29 z\u00e1vodn\u00edk\u016f.<\/p>\n\n\n\n<p>Kategorie: H45A<br>\n1.Nielsen Troels (026 Horsens OK) 17:31<br>\n2.Junek Petr (SK Studenec) 18:25 (+ 0:54)<br>\nCelkem 33 z\u00e1vodn\u00edk\u016f.<\/p>\n\n\n\n<p><strong>Sobota 26. \u010dervence 2023 &#8211; Z\u00e1ho\u0159\u00edn &#8211; 4. etapa <\/strong><\/p>\n\n\n\n<p>Kategorie: D16A<br>\n1.Jumike Ilze (155 Alnis \/JNSC) 31:05<br>\n3.Chr\u00e1stov\u00e1 Barbora (SK Studenec) 31:54 (+ 0:49)<br>\nCelkem 31 z\u00e1vodn\u00edk\u016f.<\/p>\n\n\n\n<p>Kategorie: D21B<br>\n1.Ku\u010derov\u00e1 Lucie (SK Studenec) 33:14<br>\nCelkem 37 z\u00e1vodn\u00edk\u016f.<\/p>\n\n\n\n<p>Kategorie: D45A<br>\n1.Knaupov\u00e1 Ivana (MTV Braunschweig) 32:53<br>\n27.Junkov\u00e1 Petra (SK Studenec) 66:27 (+ 33:34)<br>\nCelkem 34 z\u00e1vodn\u00edk\u016f.<\/p>\n\n\n\n<p>Kategorie: H21B<br>\n1.Macek Ji\u0159\u00ed (KOB Litv\u00ednov) 37:04<br>\n2.Ku\u010dera Michal (SK Studenec) 37:55 (+ 0:51)<br>\nCelkem 32 z\u00e1vodn\u00edk\u016f.<\/p>\n\n\n\n<p>Kategorie: H45A<br>\n1.Nielsen Troels (026 Horsens OK) 33:10<br>\n2.Junek Petr (SK Studenec) 33:16 (+ 0:06)<br>\nCelkem 34 z\u00e1vodn\u00edk\u016f.<\/p>\n\n\n\n<figure class=\"wp-block-image\"><img decoding=\"async\" loading=\"lazy\" width=\"1024\" height=\"728\" src=\"http:\/\/skstudenec.cz\/wp-content\/uploads\/2023\/08\/20230805_143316-e1691242441247-1024x728.jpg\" alt=\"\" class=\"wp-image-3535\"\/><\/figure>\n\n\n\n<p><strong>Ned\u011ble 27. \u010dervence 2023 &#8211; Z\u00e1ho\u0159\u00edn &#8211; 5. etapa <\/strong><\/p>\n\n\n\n<p>Kategorie: D16A<br>\n1.\u0160est\u00e1kov\u00e1 Johana (Slavia Liberec orienteering) 38:24<br>\n3.Chr\u00e1stov\u00e1 Barbora (SK Studenec) 42:35 (+ 4:11)<br>\nCelkem 29 z\u00e1vodn\u00edk\u016f.<\/p>\n\n\n\n<p>Kategorie: D21B<br>\n1.Nakvose Nadezhda (146 OSK Sakas) 59:12<br>\n4.Ku\u010derov\u00e1 Lucie (SK Studenec) 66:29 (+ 7:17)<br>\nCelkem 37 z\u00e1vodn\u00edk\u016f.<\/p>\n\n\n\n<p>Kategorie: D45A<br>\n1.Ry\u0161av\u00e1 Magdalena (SK Praga) 43:00<br>\n23.Junkov\u00e1 Petra (SK Studenec) 70:51 (+ 27:51)<br>\nCelkem 35 z\u00e1vodn\u00edk\u016f.<\/p>\n\n\n\n<p>Kategorie: H21B<br>\n1.Ku\u010dera Michal (SK Studenec) 66:43<br>\nCelkem 30 z\u00e1vodn\u00edk\u016f.<\/p>\n\n\n\n<p>Kategorie: H45A<br> 1.Junek Petr (SK Studenec) 57:43<br> Celkem 34 z\u00e1vodn\u00edk\u016f.<\/p>\n\n\n\n<figure class=\"wp-block-image\"><img decoding=\"async\" loading=\"lazy\" width=\"1024\" height=\"786\" src=\"http:\/\/skstudenec.cz\/wp-content\/uploads\/2023\/08\/20230805_144028-e1691242349316-1024x786.jpg\" alt=\"\" class=\"wp-image-3537\"\/><\/figure>\n","protected":false},"excerpt":{"rendered":"<p>M\u00e1lokdy se sportovci povede sout\u011b\u017eit na &#8222;stejn\u00e9m h\u0159i\u0161ti&#8220; spole\u010dn\u011b s absolutn\u00ed \u0161pi\u010dkou ve sv\u00e9m sportu. Na leto\u0161n\u00edch p\u011btidenn\u00edch z\u00e1vodech Bohemia, kter\u00e9 prob\u00edhaly od 23. do 27. \u010dervence 2023 se to studeneck\u00fdm z\u00e1vodn\u00edk\u016fm povedlo. D\u00edky tomu, \u017ee jen o 20 km od prostor\u016f Bohemie byl napl\u00e1novan\u00fd prvn\u00ed srpnov\u00fd t\u00fdden Sv\u011btov\u00fd poh\u00e1r<span class=\"more-link\"><a href=\"http:\/\/skstudenec.cz\/index.php\/oos\/bohemia-2023-spolecne-se-svetovou-spickou\/\">V\u00cdCE<\/a><\/span><\/p>\n","protected":false},"author":1,"featured_media":3535,"comment_status":"closed","ping_status":"closed","sticky":false,"template":"","format":"standard","meta":{"footnotes":""},"categories":[3],"tags":[],"_links":{"self":[{"href":"http:\/\/skstudenec.cz\/index.php\/wp-json\/wp\/v2\/posts\/3547"}],"collection":[{"href":"http:\/\/skstudenec.cz\/index.php\/wp-json\/wp\/v2\/posts"}],"about":[{"href":"http:\/\/skstudenec.cz\/index.php\/wp-json\/wp\/v2\/types\/post"}],"author":[{"embeddable":true,"href":"http:\/\/skstudenec.cz\/index.php\/wp-json\/wp\/v2\/users\/1"}],"replies":[{"embeddable":true,"href":"http:\/\/skstudenec.cz\/index.php\/wp-json\/wp\/v2\/comments?post=3547"}],"version-history":[{"count":2,"href":"http:\/\/skstudenec.cz\/index.php\/wp-json\/wp\/v2\/posts\/3547\/revisions"}],"predecessor-version":[{"id":3551,"href":"http:\/\/skstudenec.cz\/index.php\/wp-json\/wp\/v2\/posts\/3547\/revisions\/3551"}],"wp:featuredmedia":[{"embeddable":true,"href":"http:\/\/skstudenec.cz\/index.php\/wp-json\/wp\/v2\/media\/3535"}],"wp:attachment":[{"href":"http:\/\/skstudenec.cz\/index.php\/wp-json\/wp\/v2\/media?parent=3547"}],"wp:term":[{"taxonomy":"category","embeddable":true,"href":"http:\/\/skstudenec.cz\/index.php\/wp-json\/wp\/v2\/categories?post=3547"},{"taxonomy":"post_tag","embeddable":true,"href":"http:\/\/skstudenec.cz\/index.php\/wp-json\/wp\/v2\/tags?post=3547"}],"curies":[{"name":"wp","href":"https:\/\/api.w.org\/{rel}","templated":true}]}}