{"id":3653,"date":"2024-01-01T16:29:18","date_gmt":"2024-01-01T16:29:18","guid":{"rendered":"http:\/\/skstudenec.cz\/?p=3653"},"modified":"2024-01-01T16:31:32","modified_gmt":"2024-01-01T16:31:32","slug":"kufrovani-na-konec-roku-2023","status":"publish","type":"post","link":"http:\/\/skstudenec.cz\/index.php\/oos\/kufrovani-na-konec-roku-2023\/","title":{"rendered":"Kufrov\u00e1n\u00ed na konec roku 2023"},"content":{"rendered":"\n<p>Tradi\u010dn\u00ed z\u00e1v\u011bre\u010dn\u00e9 z\u00e1vody roku prob\u011bhly v nem\u00e9n\u011b tradi\u010dn\u00edm bl\u00e1tiv\u00e9m po\u010das\u00ed V\u00e1noc ve Vrchlab\u00ed a v Jilemnici.<\/p>\n\n\n\n<!--more-->\n\n\n\n<p>Ve Vrchlab\u00ed se b\u011b\u017eelo 29. prosince 2023 na dvou trat\u00edch. Jedn\u00e9 kr\u00e1tk\u00e9 pro d\u011bti v z\u00e1meck\u00e9m parku a druh\u00e9 dlouh\u00e9 pro v\u0161echny ostatn\u00ed v centru a p\u0159ilehl\u00e9m okol\u00ed. Na rozd\u00edl od lo\u0148sk\u00e9ho roku stavitel trat\u00ed u\u0161et\u0159il z\u00e1vodn\u00edky bahnit\u00fdch pastvin a nechal je b\u011b\u017eet hlavn\u011b na tvrd\u00e9m povrchu ve m\u011bst\u011b. To jsem j\u00e1 osobn\u011b ocenil a i stavba trat\u00ed nab\u00edzela p\u011bkn\u00e9 volby postup\u016f, tak\u017ee to byl velmi d\u016fstojn\u00fd del\u0161\u00ed sprint.<\/p>\n\n\n\n<figure class=\"wp-block-image size-large\"><img decoding=\"async\" loading=\"lazy\" width=\"734\" height=\"1024\" src=\"http:\/\/skstudenec.cz\/wp-content\/uploads\/2024\/01\/20240101_131030-734x1024.jpg\" alt=\"\" class=\"wp-image-3651\"\/><\/figure>\n\n\n\n<p>V Jilemnici se b\u011b\u017eelo 30. prosince 2023 na \u010dty\u0159ech r\u016fzn\u00fdch trat\u00edch. N\u011bkter\u00e9 trat\u011b m\u011bly mapu z roku 1842 z mapy Stabiln\u00edho c\u00edsa\u0159sk\u00e9ho katastru. To zp\u016fsobilo mnoh\u00e9 probl\u00e9my v dohled\u00e1vce. Nap\u0159\u00edklad jilemnick\u00fd z\u00e1mek m\u011bl v t\u00e9 dob\u011b pouze jednu \u010d\u00e1st a byl tak mnohem men\u0161\u00ed. Tyr\u0161ovo n\u00e1m\u011bst\u00ed u sokolovny nebylo v\u016fbec atd. Mimo centrum se b\u011b\u017eelo na norm\u00e1ln\u00ed map\u011b. B\u011bhem z\u00e1vodu byl i prudk\u00fd lijavec, kter\u00fd znep\u0159\u00edjemnil spoust\u011b z\u00e1vodn\u00edk\u016fm z\u00e1\u017eitek a u\u017e tak bahnit\u00e9 pas\u00e1\u017ee u\u010dinil a\u017e nesch\u016fdn\u00fdmi (zejm\u00e9na okol\u00ed stadionu a z\u00e1meck\u00fd park).<\/p>\n\n\n\n<figure class=\"wp-block-image size-large\"><img decoding=\"async\" loading=\"lazy\" width=\"1024\" height=\"743\" src=\"http:\/\/skstudenec.cz\/wp-content\/uploads\/2024\/01\/20240101_131047-e1704126612941-1024x743.jpg\" alt=\"\" class=\"wp-image-3650\"\/><\/figure>\n\n\n\n<p>Obou z\u00e1vod\u016f se z\u00fa\u010dastnilo spoustu z\u00e1vodn\u00edk\u016f z SK Studenec.<\/p>\n","protected":false},"excerpt":{"rendered":"<p>Tradi\u010dn\u00ed z\u00e1v\u011bre\u010dn\u00e9 z\u00e1vody roku prob\u011bhly v nem\u00e9n\u011b tradi\u010dn\u00edm bl\u00e1tiv\u00e9m po\u010das\u00ed V\u00e1noc ve Vrchlab\u00ed a v Jilemnici.<span class=\"more-link\"><a href=\"http:\/\/skstudenec.cz\/index.php\/oos\/kufrovani-na-konec-roku-2023\/\">V\u00cdCE<\/a><\/span><\/p>\n","protected":false},"author":1,"featured_media":3650,"comment_status":"closed","ping_status":"closed","sticky":false,"template":"","format":"standard","meta":{"footnotes":""},"categories":[3],"tags":[],"_links":{"self":[{"href":"http:\/\/skstudenec.cz\/index.php\/wp-json\/wp\/v2\/posts\/3653"}],"collection":[{"href":"http:\/\/skstudenec.cz\/index.php\/wp-json\/wp\/v2\/posts"}],"about":[{"href":"http:\/\/skstudenec.cz\/index.php\/wp-json\/wp\/v2\/types\/post"}],"author":[{"embeddable":true,"href":"http:\/\/skstudenec.cz\/index.php\/wp-json\/wp\/v2\/users\/1"}],"replies":[{"embeddable":true,"href":"http:\/\/skstudenec.cz\/index.php\/wp-json\/wp\/v2\/comments?post=3653"}],"version-history":[{"count":2,"href":"http:\/\/skstudenec.cz\/index.php\/wp-json\/wp\/v2\/posts\/3653\/revisions"}],"predecessor-version":[{"id":3655,"href":"http:\/\/skstudenec.cz\/index.php\/wp-json\/wp\/v2\/posts\/3653\/revisions\/3655"}],"wp:featuredmedia":[{"embeddable":true,"href":"http:\/\/skstudenec.cz\/index.php\/wp-json\/wp\/v2\/media\/3650"}],"wp:attachment":[{"href":"http:\/\/skstudenec.cz\/index.php\/wp-json\/wp\/v2\/media?parent=3653"}],"wp:term":[{"taxonomy":"category","embeddable":true,"href":"http:\/\/skstudenec.cz\/index.php\/wp-json\/wp\/v2\/categories?post=3653"},{"taxonomy":"post_tag","embeddable":true,"href":"http:\/\/skstudenec.cz\/index.php\/wp-json\/wp\/v2\/tags?post=3653"}],"curies":[{"name":"wp","href":"https:\/\/api.w.org\/{rel}","templated":true}]}}