{"id":3675,"date":"2024-02-04T11:11:28","date_gmt":"2024-02-04T11:11:28","guid":{"rendered":"http:\/\/skstudenec.cz\/?p=3675"},"modified":"2024-02-04T11:15:19","modified_gmt":"2024-02-04T11:15:19","slug":"pohar-facr-lkfs-sk-studenec-sk-jivan-bela-31","status":"publish","type":"post","link":"http:\/\/skstudenec.cz\/index.php\/fotbal\/pohar-facr-lkfs-sk-studenec-sk-jivan-bela-31\/","title":{"rendered":"Poh\u00e1r FA\u010cR-LKFS, SK Studenec &#8211; SK J\u00edvan B\u011bl\u00e1 1:3"},"content":{"rendered":"\n<p>Ahoj p\u0159\u00e1tel\u00e9 a fanou\u0161ci. V\u010dera jsme se dostali poprv\u00e9 od listopadu na velk\u00e9 h\u0159i\u0161t\u011b, poh\u00e1rov\u00fdm z\u00e1pasem s J\u00edvanem B\u011bl\u00e1. Ze \u0160pan\u011blsk\u00e9 ligy v teple jsme se p\u0159enesli d\u00edky po\u010das\u00ed do ligy Anglick\u00e9. V prvn\u00edm polo\u010dase jsme se hledali, nedok\u00e1zali jsme pokr\u00fdvat d\u016fle\u017eit\u00e9 prostory a soupe\u0159, kter\u00fd byl velmi dob\u0159e organizovan\u00fd n\u00e1s trestal. Hra ve druh\u00e9m polo\u010dase u\u017e \u010d\u00e1ste\u010dn\u011b spl\u0148ovala ur\u010dit\u00fd obraz, kter\u00fdm se chceme prezentovat. Poh\u00e1rov\u00e1 utk\u00e1n\u00ed m\u00e1me jako p\u0159\u00edpravn\u00e1, to ale neznamen\u00e1, \u017ee nechceme vyhr\u00e1vat. D\u00e1v\u00e1me prostor v\u0161em hr\u00e1\u010d\u016fm, zkou\u0161\u00edme hern\u00ed posty, hled\u00e1me chyby. Pozitivn\u00ed byla ur\u010dit\u011b dobr\u00e1 fyzick\u00e1 p\u0159ipravenost, tempo hry se nesni\u017eovalo a dok\u00e1zali jsme si vytvo\u0159it v\u00edce brankov\u00fdch p\u0159\u00edle\u017eitost\u00ed. Dal\u0161\u00ed z\u00e1pas 17.2. ve 14:00.<\/p>\n","protected":false},"excerpt":{"rendered":"<p>Ahoj p\u0159\u00e1tel\u00e9 a fanou\u0161ci. V\u010dera jsme se dostali poprv\u00e9 od listopadu na velk\u00e9 h\u0159i\u0161t\u011b, poh\u00e1rov\u00fdm z\u00e1pasem s J\u00edvanem B\u011bl\u00e1. Ze \u0160pan\u011blsk\u00e9 ligy v teple jsme se p\u0159enesli d\u00edky po\u010das\u00ed do ligy Anglick\u00e9. V prvn\u00edm polo\u010dase jsme se hledali, nedok\u00e1zali jsme pokr\u00fdvat d\u016fle\u017eit\u00e9 prostory a soupe\u0159, kter\u00fd byl velmi dob\u0159e organizovan\u00fd<span class=\"more-link\"><a href=\"http:\/\/skstudenec.cz\/index.php\/fotbal\/pohar-facr-lkfs-sk-studenec-sk-jivan-bela-31\/\">V\u00cdCE<\/a><\/span><\/p>\n","protected":false},"author":9,"featured_media":0,"comment_status":"closed","ping_status":"closed","sticky":false,"template":"","format":"standard","meta":{"footnotes":""},"categories":[4,10],"tags":[],"_links":{"self":[{"href":"http:\/\/skstudenec.cz\/index.php\/wp-json\/wp\/v2\/posts\/3675"}],"collection":[{"href":"http:\/\/skstudenec.cz\/index.php\/wp-json\/wp\/v2\/posts"}],"about":[{"href":"http:\/\/skstudenec.cz\/index.php\/wp-json\/wp\/v2\/types\/post"}],"author":[{"embeddable":true,"href":"http:\/\/skstudenec.cz\/index.php\/wp-json\/wp\/v2\/users\/9"}],"replies":[{"embeddable":true,"href":"http:\/\/skstudenec.cz\/index.php\/wp-json\/wp\/v2\/comments?post=3675"}],"version-history":[{"count":2,"href":"http:\/\/skstudenec.cz\/index.php\/wp-json\/wp\/v2\/posts\/3675\/revisions"}],"predecessor-version":[{"id":3677,"href":"http:\/\/skstudenec.cz\/index.php\/wp-json\/wp\/v2\/posts\/3675\/revisions\/3677"}],"wp:attachment":[{"href":"http:\/\/skstudenec.cz\/index.php\/wp-json\/wp\/v2\/media?parent=3675"}],"wp:term":[{"taxonomy":"category","embeddable":true,"href":"http:\/\/skstudenec.cz\/index.php\/wp-json\/wp\/v2\/categories?post=3675"},{"taxonomy":"post_tag","embeddable":true,"href":"http:\/\/skstudenec.cz\/index.php\/wp-json\/wp\/v2\/tags?post=3675"}],"curies":[{"name":"wp","href":"https:\/\/api.w.org\/{rel}","templated":true}]}}