{"id":3692,"date":"2024-02-18T19:57:03","date_gmt":"2024-02-18T19:57:03","guid":{"rendered":"http:\/\/skstudenec.cz\/?p=3692"},"modified":"2024-02-18T19:57:03","modified_gmt":"2024-02-18T19:57:03","slug":"1-fk-nova-paka-sk-studenec-horni-branna-32-21-prodlouzeni-01","status":"publish","type":"post","link":"http:\/\/skstudenec.cz\/index.php\/fotbal\/1-fk-nova-paka-sk-studenec-horni-branna-32-21-prodlouzeni-01\/","title":{"rendered":"1.FK Nov\u00e1 Paka &#8211; SK Studenec\/Horn\u00ed Brann\u00e1 3:2 (2:1) prodlou\u017een\u00ed 0:1"},"content":{"rendered":"\n<p>Regenerace v novopack\u00e9m baz\u00e9nu <\/p>\n\n\n\n<p>branky: \u0160ulcik 2x , v prodlou\u017een\u00ed &#8211; M\u00edra Gregu\u0161 1x<\/p>\n\n\n\n<p><a><\/a>Dal\u0161\u00ed z \u0159ady p\u0159\u00e1telsk\u00fdch z\u00e1pas\u016f jsme tentokr\u00e1t sehr\u00e1li se sousedn\u00ed Novou Pakou. Tento z\u00e1pas jsme ji\u017e tradi\u010dn\u011b spojili s n\u00e1v\u0161t\u011bvou baz\u00e9nu.<\/p>\n\n\n\n<p>Z\u00e1pas se hr\u00e1l pro n\u00e1s klasick\u00fdch 80 min a proto\u017ee n\u00e1m zbyl je\u0161t\u011b n\u011bjak\u00fd \u010das, sehr\u00e1li jsme i t\u0159et\u00ed patn\u00e1cti minutov\u00fd polo\u010das.<\/p>\n\n\n\n<p>V\u00fdsledkov\u011b se n\u00e1m z\u00e1pas sice \u00fapln\u011b nevyda\u0159il, i kdy\u017e na mistrovstv\u00ed sv\u011bta v Kataru bychom alespo\u0148 na bod dos\u00e1hli. <\/p>\n\n\n\n<p>Rozestaven\u00ed jsme op\u011bt zvolili pouze na t\u0159i stopery a kluky z obrany mus\u00edm chv\u00e1lit. Obrann\u00e1 trojice Olda &#8211; M\u00edra &#8211; Kubzy si opravdu sedla. V\u00fdborn\u011b pracuj\u00ed s prostorem, navz\u00e1jem se zaji\u0161\u0165uj\u00ed, ot\u00e1\u010d\u00ed hru a neboj\u00ed se ani p\u0159ej\u00edt 1v1. V z\u00e1pase ud\u011blali jednu chybi\u010dku, kdy\u017e v za\u010d\u00e1tku utk\u00e1n\u00ed p\u0159esko\u010dil bal\u00f3n jednomu z hr\u00e1\u010d\u016f nohu a samostatn\u00fd n\u00e1jezd dom\u00e1c\u00ed prom\u011bnili.<\/p>\n\n\n\n<p>Jestli n\u00e1m n\u011bco vylo\u017een\u011b nejde, tak je to pr\u00e1ce s psychikou a hra kdy\u017e za\u010dneme prohr\u00e1vat. Tentokr\u00e1t se kluci a Kl\u00e1rka pom\u011brn\u011b brzy oklepali a v z\u00e1pase jsme za\u010dali ud\u00e1vat jasn\u00e9 tempo a troufnu si tvrdit, \u017ee kvalita byla na na\u0161\u00ed stran\u011b. Jak u\u017e to ale n\u011bkdy b\u00fdv\u00e1, my jsme hr\u00e1li fotbal a soupe\u0159 d\u00e1val g\u00f3ly.<\/p>\n\n\n\n<p>Da\u0159ila se n\u00e1m v\u00fdstavba hry a sou\u010dinnost obrann\u00e9 a z\u00e1lo\u017en\u00ed \u0159ady. Bohu\u017eel v posledn\u00ed t\u0159etin\u011b h\u0159i\u0161t\u011b jsme byli tentokr\u00e1t nev\u00fdrazn\u00ed. \u0160anc\u00ed jsme si vytvo\u0159ili pom\u011brn\u011b dost, ale s\u00ed\u0165 se prost\u011b necht\u011bla vlnit. M\u00e1me tak p\u0159ed sebou dal\u0161\u00ed t\u011b\u017ek\u00fd \u00fakol a to slad\u011bn\u00ed p\u0159echodu mezi z\u00e1lohou a \u00fatokem. Co\u017e je i jeden z \u00fakol\u016f pro jarn\u00ed \u010d\u00e1st sez\u00f3ny. Pro pomoc a radu si nejsp\u00ed\u0161e pozveme na\u0161eho okresn\u00edho GTM Jirku \u0160ulce. <\/p>\n\n\n\n<p>Ve druh\u00e9 p\u016fli jsme prohr\u00e1vali ji\u017e o dva g\u00f3ly, rozhodli jsme se proto o\u017eivit \u00fatok a z postu stopera jsme posunuli na &#8222;hro\u0165\u00e1ka&#8220; M\u00edru Gregu\u0161e. \u0160ance p\u0159ib\u00fdvaly, ale v\u00edce ne\u017e na jednu ty\u010dku a sn\u00ed\u017een\u00ed na 2:3 to nesta\u010dilo. V nastaven\u00e9m \u010dase jsme pokra\u010dovali v p\u011bkn\u00e9m v\u00fdkonu, soupe\u0159e jasn\u011b p\u0159ehr\u00e1vali a zaslou\u017een\u011b jsme se do\u010dkali i g\u00f3lu a nadstavbu jsme tak ovl\u00e1dli 1:0. <\/p>\n\n\n\n<p>Za m\u011b to byl super p\u0159atel\u00e1k pln\u00fd emoc\u00ed, vyzkou\u0161eli jsme si pos\u00edlen\u00ed \u00fatoku. Sehr\u00e1li dal\u0161\u00ed porci z\u00e1pasov\u00fdch minut se t\u0159emi obr\u00e1nci. T\u0159e\u0161ni\u010dkou na dortu pak byla n\u00e1v\u0161t\u011bva baz\u00e9nu, kde jsme v\u0161e hodili za hlavu a u\u017eili si naprostou pohodu. <\/p>\n\n\n\n<p>Pod\u011bkov\u00e1n\u00ed pat\u0159\u00ed na\u0161im p\u0159\u00edznivc\u016fm, kter\u00fdch se v Pace se\u0161lo opravdu dost. Ke konci se mo\u017en\u00e1 nechali a\u017e p\u0159\u00edli\u0161 vt\u00e1hnout do z\u00e1pasu ale emoce k fotbalu pat\u0159\u00ed. <\/p>\n\n\n\n<p>D\u011bkujeme borc\u016fm z Nov\u00e9 Paky za kr\u00e1sn\u00e9 odpoledne, kdy\u017e to vyjde odvetu bychom m\u011bli sehr\u00e1t b\u011bhem b\u0159ezna.<\/p>\n\n\n\n<p>P\u0159\u00ed\u0161t\u00ed p\u0159\u00e1telsk\u00e9 utk\u00e1n\u00ed n\u00e1s \u010dek\u00e1 v ned\u011bli 25.2. od 9 hod. v Trutnov\u011b proti divizn\u00edmu t\u00fdmu MFK Trutnov U14. To u\u017e bude asi jin\u00fd &#8222;fi\u010d\u00e1k&#8220;, ale jak se \u0159\u00edk\u00e1 &#8211; siln\u00fdmi roste\u0161.<\/p>\n","protected":false},"excerpt":{"rendered":"<p>Regenerace v novopack\u00e9m baz\u00e9nu branky: \u0160ulcik 2x , v prodlou\u017een\u00ed &#8211; M\u00edra Gregu\u0161 1x Dal\u0161\u00ed z \u0159ady p\u0159\u00e1telsk\u00fdch z\u00e1pas\u016f jsme tentokr\u00e1t sehr\u00e1li se sousedn\u00ed Novou Pakou. Tento z\u00e1pas jsme ji\u017e tradi\u010dn\u011b spojili s n\u00e1v\u0161t\u011bvou baz\u00e9nu. Z\u00e1pas se hr\u00e1l pro n\u00e1s klasick\u00fdch 80 min a proto\u017ee n\u00e1m zbyl je\u0161t\u011b n\u011bjak\u00fd \u010das,<span class=\"more-link\"><a href=\"http:\/\/skstudenec.cz\/index.php\/fotbal\/1-fk-nova-paka-sk-studenec-horni-branna-32-21-prodlouzeni-01\/\">V\u00cdCE<\/a><\/span><\/p>\n","protected":false},"author":9,"featured_media":0,"comment_status":"closed","ping_status":"closed","sticky":false,"template":"","format":"standard","meta":{"footnotes":""},"categories":[4,13],"tags":[],"_links":{"self":[{"href":"http:\/\/skstudenec.cz\/index.php\/wp-json\/wp\/v2\/posts\/3692"}],"collection":[{"href":"http:\/\/skstudenec.cz\/index.php\/wp-json\/wp\/v2\/posts"}],"about":[{"href":"http:\/\/skstudenec.cz\/index.php\/wp-json\/wp\/v2\/types\/post"}],"author":[{"embeddable":true,"href":"http:\/\/skstudenec.cz\/index.php\/wp-json\/wp\/v2\/users\/9"}],"replies":[{"embeddable":true,"href":"http:\/\/skstudenec.cz\/index.php\/wp-json\/wp\/v2\/comments?post=3692"}],"version-history":[{"count":1,"href":"http:\/\/skstudenec.cz\/index.php\/wp-json\/wp\/v2\/posts\/3692\/revisions"}],"predecessor-version":[{"id":3693,"href":"http:\/\/skstudenec.cz\/index.php\/wp-json\/wp\/v2\/posts\/3692\/revisions\/3693"}],"wp:attachment":[{"href":"http:\/\/skstudenec.cz\/index.php\/wp-json\/wp\/v2\/media?parent=3692"}],"wp:term":[{"taxonomy":"category","embeddable":true,"href":"http:\/\/skstudenec.cz\/index.php\/wp-json\/wp\/v2\/categories?post=3692"},{"taxonomy":"post_tag","embeddable":true,"href":"http:\/\/skstudenec.cz\/index.php\/wp-json\/wp\/v2\/tags?post=3692"}],"curies":[{"name":"wp","href":"https:\/\/api.w.org\/{rel}","templated":true}]}}