{"id":379,"date":"2018-01-31T12:47:15","date_gmt":"2018-01-31T12:47:15","guid":{"rendered":"http:\/\/skstudenec.cz\/?p=379"},"modified":"2018-01-31T13:26:55","modified_gmt":"2018-01-31T13:26:55","slug":"zlato-pro-liberecky-kraj-ve-smisene-stafete","status":"publish","type":"post","link":"http:\/\/skstudenec.cz\/index.php\/oos\/zlato-pro-liberecky-kraj-ve-smisene-stafete\/","title":{"rendered":"Zlato pro Libereck\u00fd kraj ve sm\u00ed\u0161en\u00e9 \u0161tafet\u011b"},"content":{"rendered":"<p>Ly\u017ea\u0159sk\u00fd orienta\u010dn\u00ed b\u011bh pokra\u010doval na Zimn\u00ed olympi\u00e1d\u011b d\u011bt\u00ed a ml\u00e1de\u017ee druh\u00fdm sout\u011b\u017en\u00edm dnem. Na programu byl v biatlonov\u00e9m are\u00e1lu v Letohradu z\u00e1vod sm\u00ed\u0161en\u00fdch \u0161tafet.\u00a0Libereck\u00fd kraj reprezentovali v kategorii star\u0161\u00edch pouze z\u00e1vodn\u00edci SK Studenec a nav\u00edc sourozenci Mark\u00e9ta a V\u00edtek \u0160tefanovi jeli v r\u016fzn\u00fdch t\u00fdmech, tak\u017ee o n\u00e1boj bylo postar\u00e1no.<\/p>\n<p><!--more--><\/p>\n<p>V z\u00e1vod\u011b sm\u00ed\u0161en\u00fdch \u0161tafet jede v\u017edy \u017eena a mu\u017e, kte\u0159\u00ed dohromady objedou \u010dty\u0159i \u00faseky. Nejprve se p\u0159edstavila mlad\u0161\u00ed kategorie. Tady reprezentovala Majda Chr\u00e1stov\u00e1 a Jan \u0160tefan v t\u00fdmu Libereck\u00fd kraj 2, kte\u0159\u00ed dojeli na p\u00e1t\u00e9m m\u00edst\u011b.<\/p>\n<p>V prav\u00e9 poledne se do z\u00e1vodu vydali i z\u00e1vodn\u00edci star\u0161\u00ed kategorie. Nap\u00ednav\u00fd souboj nakonec vyzn\u011bl l\u00e9pe pro Libereck\u00fd kraj 1 (Terka Chr\u00e1stov\u00e1, V\u00edtek \u0160tefan), kte\u0159\u00ed z\u00edskal zlato. V\u00fdborn\u011b jel i Libereck\u00fd kraj 2 (Mark\u00e9ta \u0160tafanov\u00e1, Luk\u00e1\u0161 Link) a vybojoval t\u0159et\u00ed m\u00edsto.<\/p>\n<p>Z\u00e1znam ze z\u00e1vodu v \u010cesk\u00e9 televizi:<\/p>\n<ul>\n<li><a href=\"http:\/\/www.ceskatelevize.cz\/ivysilani\/12155278473-hry-viii-zimni-olympiady-deti-a-mladeze-2018\/218471291371048-lyzarsky-orientacni-beh\">mlad\u0161\u00ed kategorie<\/a><\/li>\n<li><a href=\"http:\/\/www.ceskatelevize.cz\/ivysilani\/12155278473-hry-viii-zimni-olympiady-deti-a-mladeze-2018\/218471291371052-lyzarsky-orientacni-beh\">star\u0161\u00ed kategorie<\/a><\/li>\n<\/ul>\n<p>Mapa ze z\u00e1vodu:<\/p>\n<figure id=\"attachment_382\" aria-describedby=\"caption-attachment-382\" style=\"width: 1024px\" class=\"wp-caption alignnone\"><img decoding=\"async\" loading=\"lazy\" class=\"size-large wp-image-382\" src=\"http:\/\/skstudenec.cz\/wp-content\/uploads\/2018\/01\/smisene_stafety_mapa_starsi-1024x613.jpg\" alt=\"\" width=\"1024\" height=\"613\" \/><figcaption id=\"caption-attachment-382\" class=\"wp-caption-text\">V\u0161echny varianty trat\u00ed v z\u00e1vod\u011b sm\u00ed\u0161en\u00fdch \u0161tafet<\/figcaption><\/figure>\n","protected":false},"excerpt":{"rendered":"<p>Ly\u017ea\u0159sk\u00fd orienta\u010dn\u00ed b\u011bh pokra\u010doval na Zimn\u00ed olympi\u00e1d\u011b d\u011bt\u00ed a ml\u00e1de\u017ee druh\u00fdm sout\u011b\u017en\u00edm dnem. Na programu byl v biatlonov\u00e9m are\u00e1lu v Letohradu z\u00e1vod sm\u00ed\u0161en\u00fdch \u0161tafet.\u00a0Libereck\u00fd kraj reprezentovali v kategorii star\u0161\u00edch pouze z\u00e1vodn\u00edci SK Studenec a nav\u00edc sourozenci Mark\u00e9ta a V\u00edtek \u0160tefanovi jeli v r\u016fzn\u00fdch t\u00fdmech, tak\u017ee o n\u00e1boj bylo postar\u00e1no.<span class=\"more-link\"><a href=\"http:\/\/skstudenec.cz\/index.php\/oos\/zlato-pro-liberecky-kraj-ve-smisene-stafete\/\">V\u00cdCE<\/a><\/span><\/p>\n","protected":false},"author":1,"featured_media":381,"comment_status":"closed","ping_status":"open","sticky":false,"template":"","format":"standard","meta":{"footnotes":""},"categories":[3],"tags":[],"_links":{"self":[{"href":"http:\/\/skstudenec.cz\/index.php\/wp-json\/wp\/v2\/posts\/379"}],"collection":[{"href":"http:\/\/skstudenec.cz\/index.php\/wp-json\/wp\/v2\/posts"}],"about":[{"href":"http:\/\/skstudenec.cz\/index.php\/wp-json\/wp\/v2\/types\/post"}],"author":[{"embeddable":true,"href":"http:\/\/skstudenec.cz\/index.php\/wp-json\/wp\/v2\/users\/1"}],"replies":[{"embeddable":true,"href":"http:\/\/skstudenec.cz\/index.php\/wp-json\/wp\/v2\/comments?post=379"}],"version-history":[{"count":5,"href":"http:\/\/skstudenec.cz\/index.php\/wp-json\/wp\/v2\/posts\/379\/revisions"}],"predecessor-version":[{"id":386,"href":"http:\/\/skstudenec.cz\/index.php\/wp-json\/wp\/v2\/posts\/379\/revisions\/386"}],"wp:featuredmedia":[{"embeddable":true,"href":"http:\/\/skstudenec.cz\/index.php\/wp-json\/wp\/v2\/media\/381"}],"wp:attachment":[{"href":"http:\/\/skstudenec.cz\/index.php\/wp-json\/wp\/v2\/media?parent=379"}],"wp:term":[{"taxonomy":"category","embeddable":true,"href":"http:\/\/skstudenec.cz\/index.php\/wp-json\/wp\/v2\/categories?post=379"},{"taxonomy":"post_tag","embeddable":true,"href":"http:\/\/skstudenec.cz\/index.php\/wp-json\/wp\/v2\/tags?post=379"}],"curies":[{"name":"wp","href":"https:\/\/api.w.org\/{rel}","templated":true}]}}