{"id":3808,"date":"2024-04-24T14:32:28","date_gmt":"2024-04-24T14:32:28","guid":{"rendered":"http:\/\/skstudenec.cz\/?p=3808"},"modified":"2024-04-24T14:32:28","modified_gmt":"2024-04-24T14:32:28","slug":"sk-studenec-h-branna-sk-semily-z-brod-33-11","status":"publish","type":"post","link":"http:\/\/skstudenec.cz\/index.php\/fotbal\/sk-studenec-h-branna-sk-semily-z-brod-33-11\/","title":{"rendered":"SK Studenec\/H.Brann\u00e1 &#8211; SK Semily\/\u017d.Brod 3:3 (1:1)"},"content":{"rendered":"\n<p>Ned\u011ble 21.4.2024 &#8211; Krajsk\u00fd p\u0159ebor ml. \u017e\u00e1k\u016f<\/p>\n\n\n\n<p>Na perfektn\u011b p\u0159ipraven\u00e9m h\u0159i\u0161ti jsme za slune\u010dn\u00e9ho, ale velmi chladn\u00e9ho po\u010das\u00ed, pom\u011b\u0159ili s\u00edly s hr\u00e1\u010di Semil\/Brodu, kte\u0159\u00ed n\u00e1m na podzim dali 7 ks&#8230;<\/p>\n\n\n\n<p><a><\/a>Ov\u0161em dnes jsme jim na h\u0159i\u0161ti nic nedarovali!!! Jejich hru zalo\u017eenou na nakopnut\u00e9m balonu za na\u0161i obranu na rychl\u00e9ho (nevychovan\u00e9ho, sprost\u00e9ho) \u00fato\u010dn\u00edka jsme v pr\u016fb\u011bhu z\u00e1pasu eliminovali a dob\u0159e dostupovali. N\u00e1hodn\u00e9 g\u00f3ly jsme dostali po &#8222;na\u0161ich drobn\u00fdch chyb\u00e1ch&#8220;. Za tato, ne zrovna ide\u00e1ln\u00ed \u0159e\u0161en\u00ed v obrann\u00e9 f\u00e1zi jsme &#8222;vd\u011b\u010dn\u00ed&#8220; &#8211; aspo\u0148 m\u00e1me co na soust\u0159ed\u011bn\u00ed vylep\u0161ovat!!!<\/p>\n\n\n\n<p>Na\u0161i borci a borkyn\u011b necht\u011bli odej\u00edt na konci z\u00e1pasu pora\u017eeni, makali na 107%, byli d\u016frazn\u00ed a odhodlan\u00ed vyhr\u00e1t. Nep\u0159\u00edzniv\u00fd v\u00fdsledek jsme oto\u010dili a k v\u00fdh\u0159e n\u00e1s nepustili pouze na\u0161e neprom\u011bn\u011bn\u00e9 \u0161ance a nast\u0159elen\u00e9 ty\u010de&#8230;stane se&#8230;<\/p>\n\n\n\n<p>Op\u011bt v\u0161ichni od n\u00e1s po z\u00e1pase sly\u0161eli pochvalu, kterou si bezesporu zaslou\u017eili. Byl to zase dal\u0161\u00ed kr\u00e1snej z\u00e1pas!<\/p>\n\n\n\n<p>St\u0159elci: Vojta Mor\u00e1vek 2x, Martin Bro\u017e<\/p>\n\n\n\n<p>Sestava: Max, Maky, Sam, Maty, B\u00e1ra, Ludva, Tonda, Mar\u0165as, Vojta, Honzik, Dan, Kuba, Honza<\/p>\n","protected":false},"excerpt":{"rendered":"<p>Ned\u011ble 21.4.2024 &#8211; Krajsk\u00fd p\u0159ebor ml. \u017e\u00e1k\u016f Na perfektn\u011b p\u0159ipraven\u00e9m h\u0159i\u0161ti jsme za slune\u010dn\u00e9ho, ale velmi chladn\u00e9ho po\u010das\u00ed, pom\u011b\u0159ili s\u00edly s hr\u00e1\u010di Semil\/Brodu, kte\u0159\u00ed n\u00e1m na podzim dali 7 ks&#8230; Ov\u0161em dnes jsme jim na h\u0159i\u0161ti nic nedarovali!!! Jejich hru zalo\u017eenou na nakopnut\u00e9m balonu za na\u0161i obranu na rychl\u00e9ho (nevychovan\u00e9ho,<span class=\"more-link\"><a href=\"http:\/\/skstudenec.cz\/index.php\/fotbal\/sk-studenec-h-branna-sk-semily-z-brod-33-11\/\">V\u00cdCE<\/a><\/span><\/p>\n","protected":false},"author":9,"featured_media":0,"comment_status":"closed","ping_status":"closed","sticky":false,"template":"","format":"standard","meta":{"footnotes":""},"categories":[4,14],"tags":[],"_links":{"self":[{"href":"http:\/\/skstudenec.cz\/index.php\/wp-json\/wp\/v2\/posts\/3808"}],"collection":[{"href":"http:\/\/skstudenec.cz\/index.php\/wp-json\/wp\/v2\/posts"}],"about":[{"href":"http:\/\/skstudenec.cz\/index.php\/wp-json\/wp\/v2\/types\/post"}],"author":[{"embeddable":true,"href":"http:\/\/skstudenec.cz\/index.php\/wp-json\/wp\/v2\/users\/9"}],"replies":[{"embeddable":true,"href":"http:\/\/skstudenec.cz\/index.php\/wp-json\/wp\/v2\/comments?post=3808"}],"version-history":[{"count":1,"href":"http:\/\/skstudenec.cz\/index.php\/wp-json\/wp\/v2\/posts\/3808\/revisions"}],"predecessor-version":[{"id":3809,"href":"http:\/\/skstudenec.cz\/index.php\/wp-json\/wp\/v2\/posts\/3808\/revisions\/3809"}],"wp:attachment":[{"href":"http:\/\/skstudenec.cz\/index.php\/wp-json\/wp\/v2\/media?parent=3808"}],"wp:term":[{"taxonomy":"category","embeddable":true,"href":"http:\/\/skstudenec.cz\/index.php\/wp-json\/wp\/v2\/categories?post=3808"},{"taxonomy":"post_tag","embeddable":true,"href":"http:\/\/skstudenec.cz\/index.php\/wp-json\/wp\/v2\/tags?post=3808"}],"curies":[{"name":"wp","href":"https:\/\/api.w.org\/{rel}","templated":true}]}}