{"id":3970,"date":"2024-12-10T18:50:55","date_gmt":"2024-12-10T18:50:55","guid":{"rendered":"http:\/\/skstudenec.cz\/?p=3970"},"modified":"2024-12-10T18:50:55","modified_gmt":"2024-12-10T18:50:55","slug":"tj-tatran-jablonne-v-podjestedi-sk-studenec-02","status":"publish","type":"post","link":"http:\/\/skstudenec.cz\/index.php\/fotbal\/tj-tatran-jablonne-v-podjestedi-sk-studenec-02\/","title":{"rendered":"TJ Tatran Jablonn\u00e9 v Podje\u0161t\u011bd\u00ed &#8211; SK STUDENEC 0:2"},"content":{"rendered":"\n<p>P\u0159\u00e1tel\u00e9 fotbalu SK v sobotu jsme dopoledne odjeli do Jablonn\u00e9ho v Podje\u0161t\u011bd\u00ed,hr\u00e1lo se od 13.30 po\u010das\u00ed bylo p\u0159\u00edjemn\u00e9, slune\u010dno a h\u0159i\u0161t\u011b p\u0159ipraven\u00e9 super,sice podm\u00e1\u010den\u00e9 ale dobr\u00e9.Sestava mu\u017estva byla super a \u0161li jsme na h\u0159i\u0161t\u011b s t\u00edm, \u017ee nechceme zde prohr\u00e1t ale odv\u00e9st si n\u011bjak\u00fd bod.Musim ale napsat, \u017ee prvn\u00ed \u00fatok dom\u00e1c\u00edch byl pro n\u00e1s \u0161\u0165astn\u00fd,K\u0159i\u017en\u00e1 st\u0159ela t\u011bsn\u011b minula na\u0161\u00ed branku. To bylo ze strany soupe\u0159e v\u0161e.Prevzali jsme ot\u011b\u017ee utkan\u00ed a \u0161li za c\u00edlem z\u00edskat body. Ve 22 minut\u011b to p\u0159i\u0161lo Maty Hrub\u00fd p\u0159eloboval domaciho brank\u00e1\u0159e vedli jsme 1:0. Do polo\u010dasu jsme neprom\u011bnili n\u011bkolik \u0161anc\u00ed. Do druh\u00e9ho polo\u010dasu jsme \u0161li s t\u00edm \u017ee zde mus\u00edme vyhr\u00e1t a odv\u00e9st si pln\u00fd po\u010det bod\u016f.Cel\u00fd man\u010davt v\u010detn\u011b lavi\u010dky \u017eil z\u00e1pasem.Opet na\u0161e bolest neprom\u011b\u0148ov\u00e1n\u00ed \u0161anc\u00ed.ale 80.min. a Hoza \u0160im\u016fnek rozhodl, 2:0. Ale mus\u00edm napsat co je\u0161t\u011b nedal a ne jen on je trestuhodn\u00e9.Na z\u00e1v\u011br mus\u00edm pod\u011bkovat v\u0161em hr\u00e1\u010d\u016fm ,i tem z lavi\u010dky ,za bojovnost b\u00edlo tam to srdce SK . Pod\u011bkov\u00e1n\u00ed pat\u0159\u00ed i fanou\u0161k\u016fm kte\u0159\u00ed s n\u00e1mi jeli a byli super.Nejsem \u017e\u00e1dn\u00fd pisatel,ale snad jsem to napsal tak dle sv\u00e9ho pocitu.<\/p>\n\n\n\n<p><strong>Autor: Franti\u0161ek Hlad\u00edk<\/strong><\/p>\n\n\n\n<p><\/p>\n","protected":false},"excerpt":{"rendered":"<p>P\u0159\u00e1tel\u00e9 fotbalu SK v sobotu jsme dopoledne odjeli do Jablonn\u00e9ho v Podje\u0161t\u011bd\u00ed,hr\u00e1lo se od 13.30 po\u010das\u00ed bylo p\u0159\u00edjemn\u00e9, slune\u010dno a h\u0159i\u0161t\u011b p\u0159ipraven\u00e9 super,sice podm\u00e1\u010den\u00e9 ale dobr\u00e9.Sestava mu\u017estva byla super a \u0161li jsme na h\u0159i\u0161t\u011b s t\u00edm, \u017ee nechceme zde prohr\u00e1t ale odv\u00e9st si n\u011bjak\u00fd bod.Musim ale napsat, \u017ee prvn\u00ed \u00fatok<span class=\"more-link\"><a href=\"http:\/\/skstudenec.cz\/index.php\/fotbal\/tj-tatran-jablonne-v-podjestedi-sk-studenec-02\/\">V\u00cdCE<\/a><\/span><\/p>\n","protected":false},"author":9,"featured_media":0,"comment_status":"closed","ping_status":"closed","sticky":false,"template":"","format":"standard","meta":{"footnotes":""},"categories":[4,10],"tags":[],"_links":{"self":[{"href":"http:\/\/skstudenec.cz\/index.php\/wp-json\/wp\/v2\/posts\/3970"}],"collection":[{"href":"http:\/\/skstudenec.cz\/index.php\/wp-json\/wp\/v2\/posts"}],"about":[{"href":"http:\/\/skstudenec.cz\/index.php\/wp-json\/wp\/v2\/types\/post"}],"author":[{"embeddable":true,"href":"http:\/\/skstudenec.cz\/index.php\/wp-json\/wp\/v2\/users\/9"}],"replies":[{"embeddable":true,"href":"http:\/\/skstudenec.cz\/index.php\/wp-json\/wp\/v2\/comments?post=3970"}],"version-history":[{"count":1,"href":"http:\/\/skstudenec.cz\/index.php\/wp-json\/wp\/v2\/posts\/3970\/revisions"}],"predecessor-version":[{"id":3971,"href":"http:\/\/skstudenec.cz\/index.php\/wp-json\/wp\/v2\/posts\/3970\/revisions\/3971"}],"wp:attachment":[{"href":"http:\/\/skstudenec.cz\/index.php\/wp-json\/wp\/v2\/media?parent=3970"}],"wp:term":[{"taxonomy":"category","embeddable":true,"href":"http:\/\/skstudenec.cz\/index.php\/wp-json\/wp\/v2\/categories?post=3970"},{"taxonomy":"post_tag","embeddable":true,"href":"http:\/\/skstudenec.cz\/index.php\/wp-json\/wp\/v2\/tags?post=3970"}],"curies":[{"name":"wp","href":"https:\/\/api.w.org\/{rel}","templated":true}]}}