{"id":3993,"date":"2024-12-10T19:07:28","date_gmt":"2024-12-10T19:07:28","guid":{"rendered":"http:\/\/skstudenec.cz\/?p=3993"},"modified":"2024-12-10T19:07:28","modified_gmt":"2024-12-10T19:07:28","slug":"dorostenci-prekvapive-zaslouzene-prohrali-v-jilemnici","status":"publish","type":"post","link":"http:\/\/skstudenec.cz\/index.php\/fotbal\/dorostenci-prekvapive-zaslouzene-prohrali-v-jilemnici\/","title":{"rendered":"Dorostenci p\u0159ekvapiv\u011b (zaslou\u017een\u011b) prohr\u00e1li v Jilemnici!"},"content":{"rendered":"\n<p>Op\u011bt se uk\u00e1zalo, jak pravdiv\u00e9 je \u201ekli\u0161\u00e9\u201c: Derby nem\u00e1 favorita. Do Jilemnice jsme p\u0159ijeli jako velc\u00ed favorit\u00e9. Na h\u0159i\u0161ti to tak ale nevypadalo. Kluci z Jilemnice byli od za\u010d\u00e1tku l\u00e9pe \u201enastaven\u00ed\u201c a m\u011bli v\u011bt\u0161\u00ed touhu zv\u00edt\u011bzit! Hned v \u00favodu jsme p\u0159est\u00e1li 2 \u0161ance soupe\u0159e (u druh\u00e9 Lejdy vykop\u00e1val m\u00ed\u010d z brankov\u00e9 \u010d\u00e1ry). Pak se v ojedin\u011bl\u00e9 \u0161anci objevil \u0160t\u011bp\u00e1n Tauchman, branku ale minul. N\u00e1sledn\u011b n\u00e1s soupe\u0159 ji\u017e potrestal a \u0161el zaslou\u017een\u011b do veden\u00ed.<\/p>\n\n\n\n<p>Do druh\u00e9ho polo\u010dasu jsme nastoupili ve zm\u011bn\u011bn\u00e9m rozestaven\u00ed: 4-4-2. Soupe\u0159e se n\u00e1m ale nepoda\u0159ilo na del\u0161\u00ed dobu p\u0159ehr\u00e1vat. Naopak jsme m\u00e1lem znovu inkasovali &#8211; z rohu. Pak se v \u0161anci ocitl Kuba \u0160torm, branku ale netrefil. Druh\u00fd g\u00f3l jsme inkasovali p\u0159esnou st\u0159elou z d\u00e1lky. V dal\u0161\u00edm pr\u016fb\u011bhu jsme cca \u010dtvrt hodiny byli lep\u0161\u00edm t\u00fdmem. Po jedn\u00e9 z m\u00e1la p\u0159\u00edmo\u010dar\u00fdch akc\u00ed se za obranou ocitl Sam. Soupe\u0159 ho v\u0161ak \u201enekompromisn\u011b\u201c poslal k zemi. Na\u0161i kluci by r\u00e1di vid\u011bli \u010dervenou kartu, rozhod\u010d\u00ed v\u0161ak ud\u011blil pouze \u017elutou (po utk\u00e1n\u00ed komentoval tuto situaci jako \u201ehrani\u010dn\u00ed\u201c). V z\u00e1v\u011bru jsme v\u0161e vrhli do \u00fatoku. Soupe\u0159 n\u00e1s m\u00e1lem potrestal z brejku, ale nast\u0159elil ty\u010d. Nakonec se n\u00e1m poda\u0159ilo pouze sn\u00ed\u017eit \u2013 \u201en\u016f\u017ekami\u201c p\u0159es hlavu sk\u00f3roval Tim Hofman.<\/p>\n\n\n\n<p>Dnes n\u00e1m chyb\u011blo v\u0161e: nasazen\u00ed, klid na m\u00ed\u010di, pr\u016fnikov\u00e9 p\u0159ihr\u00e1vky, m\u00ed\u010de za obranu a hlavn\u011b v\u00edce brankov\u00fdch p\u0159\u00edle\u017eitost\u00ed. Mrzelo n\u00e1s i to, \u017ee kluci ne v\u017edy plnili taktick\u00e9 pokyny tren\u00e9r\u016f. Jilemni\u010dt\u00ed hr\u00e1\u010di byli v\u0161ude d\u0159\u00edve, jejich nasazen\u00ed bylo obrovsk\u00e9 a v obran\u011b na\u0161e \u00fato\u010dn\u00e9 akce spolehliv\u011b odvracel nejlep\u0161\u00ed hr\u00e1\u010d utk\u00e1n\u00ed Vojt\u00ed\u0161ek (stabiln\u00ed hr\u00e1\u010d A t\u00fdmu Jilemnice). Asi jsme prohru ji\u017e \u201epot\u0159ebovali\u201c, abychom nebyli tak \u201cpy\u0161n\u00ed \u201c. Kluk\u016fm ob\u010das trochu\u201c \u0161kod\u00ed\u201c (fyzicky i psychicky) i v\u011bdom\u00ed, \u017ee je o v\u00edkendu (dnes ve stejn\u00fd den) \u010dek\u00e1 je\u0161t\u011b z\u00e1pas s mu\u017ei. C\u00edl ale m\u00e1me st\u00e1le stejn\u00fd : 1) hr\u00e1t dobr\u00fd kombina\u010dn\u00ed fotbal 2) chceme medaili. Kluci maj\u00ed na oboje! P\u0159\u00ed\u0161t\u00ed sobotu mus\u00edme slo\u017eit repar\u00e1t. Ka\u017ed\u00fd se ale mus\u00ed zlep\u0161it (v\u010detn\u011b n\u00e1s tren\u00e9r\u016f)! D\u011bkujeme za podporu div\u00e1k\u016fm \u2013 byli skv\u011bl\u00ed. Jilemnici gratulujeme, dnes byla lep\u0161\u00ed a zaslou\u017een\u011b n\u00e1m p\u0159ipravila prvn\u00ed por\u00e1\u017eku v sez\u00f3n\u011b.<\/p>\n\n\n\n<p><strong>Autor: Pavel Me\u010d\u00ed\u0159<\/strong><\/p>\n","protected":false},"excerpt":{"rendered":"<p>Op\u011bt se uk\u00e1zalo, jak pravdiv\u00e9 je \u201ekli\u0161\u00e9\u201c: Derby nem\u00e1 favorita. Do Jilemnice jsme p\u0159ijeli jako velc\u00ed favorit\u00e9. Na h\u0159i\u0161ti to tak ale nevypadalo. Kluci z Jilemnice byli od za\u010d\u00e1tku l\u00e9pe \u201enastaven\u00ed\u201c a m\u011bli v\u011bt\u0161\u00ed touhu zv\u00edt\u011bzit! Hned v \u00favodu jsme p\u0159est\u00e1li 2 \u0161ance soupe\u0159e (u druh\u00e9 Lejdy vykop\u00e1val m\u00ed\u010d z<span class=\"more-link\"><a href=\"http:\/\/skstudenec.cz\/index.php\/fotbal\/dorostenci-prekvapive-zaslouzene-prohrali-v-jilemnici\/\">V\u00cdCE<\/a><\/span><\/p>\n","protected":false},"author":9,"featured_media":0,"comment_status":"closed","ping_status":"closed","sticky":false,"template":"","format":"standard","meta":{"footnotes":""},"categories":[12,4],"tags":[],"_links":{"self":[{"href":"http:\/\/skstudenec.cz\/index.php\/wp-json\/wp\/v2\/posts\/3993"}],"collection":[{"href":"http:\/\/skstudenec.cz\/index.php\/wp-json\/wp\/v2\/posts"}],"about":[{"href":"http:\/\/skstudenec.cz\/index.php\/wp-json\/wp\/v2\/types\/post"}],"author":[{"embeddable":true,"href":"http:\/\/skstudenec.cz\/index.php\/wp-json\/wp\/v2\/users\/9"}],"replies":[{"embeddable":true,"href":"http:\/\/skstudenec.cz\/index.php\/wp-json\/wp\/v2\/comments?post=3993"}],"version-history":[{"count":1,"href":"http:\/\/skstudenec.cz\/index.php\/wp-json\/wp\/v2\/posts\/3993\/revisions"}],"predecessor-version":[{"id":3994,"href":"http:\/\/skstudenec.cz\/index.php\/wp-json\/wp\/v2\/posts\/3993\/revisions\/3994"}],"wp:attachment":[{"href":"http:\/\/skstudenec.cz\/index.php\/wp-json\/wp\/v2\/media?parent=3993"}],"wp:term":[{"taxonomy":"category","embeddable":true,"href":"http:\/\/skstudenec.cz\/index.php\/wp-json\/wp\/v2\/categories?post=3993"},{"taxonomy":"post_tag","embeddable":true,"href":"http:\/\/skstudenec.cz\/index.php\/wp-json\/wp\/v2\/tags?post=3993"}],"curies":[{"name":"wp","href":"https:\/\/api.w.org\/{rel}","templated":true}]}}