{"id":400,"date":"2018-02-04T16:24:08","date_gmt":"2018-02-04T16:24:08","guid":{"rendered":"http:\/\/skstudenec.cz\/?p=400"},"modified":"2018-02-08T15:30:41","modified_gmt":"2018-02-08T15:30:41","slug":"vitek-stefan-na-mistrovstvi-evropy","status":"publish","type":"post","link":"http:\/\/skstudenec.cz\/index.php\/oos\/vitek-stefan-na-mistrovstvi-evropy\/","title":{"rendered":"V\u00edtek \u0160tefan na Mistrovstv\u00ed Evropy"},"content":{"rendered":"<p>Na za\u010d\u00e1tku \u00fanora prob\u00edhaj\u00ed v bulharsk\u00e9m poho\u0159\u00ed Rila t\u0159i akce v ly\u017ea\u0159sk\u00e9m orienta\u010dn\u00edm b\u011bhu &#8211; Mistrovstv\u00ed Evropy dosp\u011bl\u00fdch, Juniorsk\u00e9 mistrovstv\u00ed sv\u011bta a Mistrovstv\u00ed Evropy dorostu, na kter\u00e9 se nominoval V\u00edtek \u0160tefan.<\/p>\n<p><!--more--><\/p>\n<p>V ned\u011bli se jel sprint, ve kter\u00e9m byl V\u00edtek 13., nejl\u00e9pe z \u010cesk\u00e9 republiky.<\/p>\n<p><strong>V\u00fdsledky sprintu &#8211;\u00a02.3 km 10 C<\/strong><br \/>\n1.Artemiy Dorma, Russian Federation 13:42 0:00<br \/>\n2.Danila Bykov, Russian Federation 14:05 +0:23<br \/>\n3.Matias Maijala, Finland 14:16 +0:34<br \/>\n13.Vit Stefan,Czech Republic 17:00 +3:18<\/p>\n<p>Celkem 33 z\u00e1vodn\u00edk\u016f.<\/p>\n<p>Dal\u0161\u00edm z\u00e1vodem byl pond\u011bln\u00ed middle (kr\u00e1tk\u00e1 tra\u0165). V\u00edtek nebyl klasifikov\u00e1n, proto\u017ee\u00a0podle v\u00fdsledk\u016f vynechal kontrolu.<\/p>\n<p><strong>V\u00fdsledky\u00a0kr\u00e1tk\u00e9 trati &#8211;\u00a04.8 km 13 C<\/strong><br \/>\n1.Akseli Virtanen, Finland 21:00 0:00<br \/>\n2.Samuli Peltola, Finland 21:09 +0:09<br \/>\n3.Ivan Tokarev, Russian Federation 21:18 +0:18<br \/>\nVit Stefan Czech Republic mp<\/p>\n<p>Celkem 33 z\u00e1vodn\u00edk\u016f.<\/p>\n<figure id=\"attachment_415\" aria-describedby=\"caption-attachment-415\" style=\"width: 1024px\" class=\"wp-caption alignnone\"><img decoding=\"async\" loading=\"lazy\" class=\"size-large wp-image-415\" src=\"http:\/\/skstudenec.cz\/wp-content\/uploads\/2018\/02\/ski-o_bulharsko_m21-1024x794.jpg\" alt=\"\" width=\"1024\" height=\"794\" \/><figcaption id=\"caption-attachment-415\" class=\"wp-caption-text\">Pro ilustraci mapa dosp\u011bl\u00fdch. \u010c\u00e1rkovan\u00e9 trat\u011b jsou na soupa\u017ee, pln\u00e1 na bruslen\u00ed.<\/figcaption><\/figure>\n<p>Ve st\u0159edu se jela n\u00e1ro\u010dn\u00e1 klasick\u00e1 tra\u0165. O stupn\u011b v\u00edt\u011bz\u016f se pod\u011blili podobn\u00ed z\u00e1vodn\u00edci jako v p\u0159edchoz\u00edch z\u00e1vodech.<\/p>\n<p><strong>V\u00fdsledky klasick\u00e1 tra\u0165\u00a0(long)\u00a0&#8211; 11.8 km 16 C<\/strong><br \/>\n1.Matias Maijala, Finland 1:06:52 0:00<br \/>\n2.Ivan Tokarev, Russian Federation 1:08:16 +1:24<br \/>\n3.Artemiy Dorma, Russian Federation 1:09:27 +2:35<br \/>\n15.Vit Stefan, Czech Republic 1:20:24 +13:32<\/p>\n<p>Celkem 33 z\u00e1vodn\u00edk\u016f.<\/p>\n<p>Posledn\u00edm z\u00e1vodem byly \u0161tafety. V\u00edtkovi se docela da\u0159ilo a po sv\u00e9m druh\u00e9m \u00faseku p\u0159ivezl \u0161tafetu \u010cesk\u00e9 republiky na \u010dtvrt\u00e9m m\u00edst\u011b\u00a0(na t\u0159et\u00edm v redukovan\u00e9m po\u0159ad\u00ed, proto\u017ee p\u0159ed n\u00edm byly dv\u011b rusk\u00e9 \u0161tafety). Nakonec skon\u010dila \u010cesk\u00e1 republika na \u0161est\u00e9m m\u00edst\u011b (ofici\u00e1ln\u011b p\u00e1t\u00e1).<\/p>\n<p><strong>V\u00fdsledky \u0161tafet<\/strong><\/p>\n<p>1.Finland<br \/>\nSamuli Peltola 29:00 (1)<br \/>\nAkseli Virtanen 63:38 (1)<br \/>\nMatias Maijala 93:50 (1)<\/p>\n<p>2.Russian Federation 2<br \/>\nIlja Glukhikh 30:41 (2)<br \/>\nMaksim Zhilin 66:49 (2)<br \/>\nDaniil Sorokin 98:44 (2)<\/p>\n<p>3.Russian Federation 1<br \/>\nIvan Tokarev 35:07 (5)<br \/>\nArtemiy Dorma 67:28 (3)<br \/>\nDanila Bykov 99:51 (3)<\/p>\n<p>4.Latvia<br \/>\nEmils Zernis 33:56 (4)<br \/>\nUgis Bekeris 68:16 (5)<br \/>\nPauls Alberings 102:22 (4)<\/p>\n<p>5.Estonia<br \/>\nSander Pritsik 32:56 (3)<br \/>\nOlle Ilmar Jaama 71:58 (6)<br \/>\nRagnar Rooba 104:26 (5)<\/p>\n<p>6.Czech Republic<br \/>\nTomas Milan 35:35 (7)<br \/>\nVit Stefan 67:35 (4)<br \/>\nMatyas Stregl 104:39 (6)<\/p>\n<p>&nbsp;<\/p>\n","protected":false},"excerpt":{"rendered":"<p>Na za\u010d\u00e1tku \u00fanora prob\u00edhaj\u00ed v bulharsk\u00e9m poho\u0159\u00ed Rila t\u0159i akce v ly\u017ea\u0159sk\u00e9m orienta\u010dn\u00edm b\u011bhu &#8211; Mistrovstv\u00ed Evropy dosp\u011bl\u00fdch, Juniorsk\u00e9 mistrovstv\u00ed sv\u011bta a Mistrovstv\u00ed Evropy dorostu, na kter\u00e9 se nominoval V\u00edtek \u0160tefan.<span class=\"more-link\"><a href=\"http:\/\/skstudenec.cz\/index.php\/oos\/vitek-stefan-na-mistrovstvi-evropy\/\">V\u00cdCE<\/a><\/span><\/p>\n","protected":false},"author":1,"featured_media":405,"comment_status":"closed","ping_status":"open","sticky":false,"template":"","format":"standard","meta":{"footnotes":""},"categories":[3],"tags":[],"_links":{"self":[{"href":"http:\/\/skstudenec.cz\/index.php\/wp-json\/wp\/v2\/posts\/400"}],"collection":[{"href":"http:\/\/skstudenec.cz\/index.php\/wp-json\/wp\/v2\/posts"}],"about":[{"href":"http:\/\/skstudenec.cz\/index.php\/wp-json\/wp\/v2\/types\/post"}],"author":[{"embeddable":true,"href":"http:\/\/skstudenec.cz\/index.php\/wp-json\/wp\/v2\/users\/1"}],"replies":[{"embeddable":true,"href":"http:\/\/skstudenec.cz\/index.php\/wp-json\/wp\/v2\/comments?post=400"}],"version-history":[{"count":9,"href":"http:\/\/skstudenec.cz\/index.php\/wp-json\/wp\/v2\/posts\/400\/revisions"}],"predecessor-version":[{"id":419,"href":"http:\/\/skstudenec.cz\/index.php\/wp-json\/wp\/v2\/posts\/400\/revisions\/419"}],"wp:featuredmedia":[{"embeddable":true,"href":"http:\/\/skstudenec.cz\/index.php\/wp-json\/wp\/v2\/media\/405"}],"wp:attachment":[{"href":"http:\/\/skstudenec.cz\/index.php\/wp-json\/wp\/v2\/media?parent=400"}],"wp:term":[{"taxonomy":"category","embeddable":true,"href":"http:\/\/skstudenec.cz\/index.php\/wp-json\/wp\/v2\/categories?post=400"},{"taxonomy":"post_tag","embeddable":true,"href":"http:\/\/skstudenec.cz\/index.php\/wp-json\/wp\/v2\/tags?post=400"}],"curies":[{"name":"wp","href":"https:\/\/api.w.org\/{rel}","templated":true}]}}