{"id":4538,"date":"2026-01-19T19:26:35","date_gmt":"2026-01-19T19:26:35","guid":{"rendered":"http:\/\/skstudenec.cz\/?p=4538"},"modified":"2026-01-25T13:27:36","modified_gmt":"2026-01-25T13:27:36","slug":"cesky-pohar-v-rakousku","status":"publish","type":"post","link":"http:\/\/skstudenec.cz\/index.php\/oos\/cesky-pohar-v-rakousku\/","title":{"rendered":"\u010cesk\u00fd poh\u00e1r v Rakousku"},"content":{"rendered":"\n<p>Spole\u010dn\u00fd z\u00e1vod \u010cesk\u00e9ho a Rakousk\u00e9ho poh\u00e1ru v ly\u017ea\u0159sk\u00e9m orienta\u010dn\u00edm b\u011bhu prob\u011bhl v sobotu 17. a ned\u011bli 18. ledna v biatlonov\u00e9m are\u00e1lu Rosenau am Hengstpa\u00df v Horn\u00edch Rakous\u00edch.<\/p>\n\n\n\n<!--more-->\n\n\n\n<p>Na z\u00e1vody dorazilo z \u010cesk\u00e9 republiky zhruba 120 z\u00e1vodn\u00edk\u016f, kter\u00e9 doplnilo 90 z\u00e1vodn\u00edk\u016f z Rakouska, a proto m\u011bli \u010de\u0161t\u00ed z\u00e1vodn\u00edci na trat\u00edch p\u0159evahu. Po\u0159adatelsk\u00fd t\u00fdm byl nakombinov\u00e1ny tak\u00e9 z rakousk\u00fdch a \u010desk\u00fdch po\u0159adatel\u016f z OB \u010cesk\u00e9 Bud\u011bjovice. Hlavn\u00ed kategorie \u010cesk\u00e9ho poh\u00e1ru a \u017deb\u0159\u00ed\u010dku A byly pln\u011b obsazeny a bojovalo se o nominace na evropsk\u00e9 a sv\u011btov\u00e9 z\u00e1vody. Kategorie ostatn\u00ed byly napln\u011bny p\u0159edev\u0161\u00edm doprovodem z \u0159ad tren\u00e9r\u016f a rodi\u010d\u016f.<\/p>\n\n\n\n<p>Ter\u00e9nem bylo dno alpsk\u00e9ho \u00fadol\u00ed v nadmo\u0159sk\u00e9 v\u00fd\u0161ce kolem 850m nad mo\u0159em, kter\u00e9 bylo obklopeno alpsk\u00fdmi \u0161t\u00edty zvedaj\u00edc\u00edmi se p\u0159es 2000m nad mo\u0159em. Sn\u00edh napadl v prostoru ji\u017e d\u0159\u00edve a po del\u0161\u00edm obdob\u00ed jasn\u00e9ho po\u010das\u00ed byla kvalita sn\u011bhu hodn\u011b prom\u011bnliv\u00e1 od zledovat\u011bl\u00e9ho sn\u011bhu na dlouhodob\u011b oslun\u011bn\u00fdch \u010d\u00e1stech a\u017e po \u010d\u00e1ste\u010dn\u011b zkrystalizovan\u00fd prachov\u00fd sn\u00edh ve stinn\u00fdch \u010d\u00e1stech prostoru.<\/p>\n\n\n\n<figure class=\"wp-block-gallery has-nested-images columns-default is-cropped wp-block-gallery-1 is-layout-flex wp-block-gallery-is-layout-flex\">\n<figure class=\"wp-block-image size-large\"><img decoding=\"async\" loading=\"lazy\" width=\"1024\" height=\"577\" data-id=\"4537\" src=\"http:\/\/skstudenec.cz\/wp-content\/uploads\/2026\/01\/20260117_1136372028414790788941059-1024x577.jpg\" alt=\"\" class=\"wp-image-4537\"\/><\/figure>\n\n\n\n<figure class=\"wp-block-image size-large\"><img decoding=\"async\" loading=\"lazy\" width=\"1024\" height=\"577\" data-id=\"4536\" src=\"http:\/\/skstudenec.cz\/wp-content\/uploads\/2026\/01\/20260117_1307286835628935628498758-1024x577.jpg\" alt=\"\" class=\"wp-image-4536\"\/><\/figure>\n\n\n\n<figure class=\"wp-block-image size-large\"><img decoding=\"async\" loading=\"lazy\" width=\"577\" height=\"1024\" data-id=\"4535\" src=\"http:\/\/skstudenec.cz\/wp-content\/uploads\/2026\/01\/20260117_1146292317416070416314735-577x1024.jpg\" alt=\"\" class=\"wp-image-4535\"\/><\/figure>\n\n\n\n<figure class=\"wp-block-image size-large\"><img decoding=\"async\" loading=\"lazy\" width=\"1024\" height=\"577\" data-id=\"4533\" src=\"http:\/\/skstudenec.cz\/wp-content\/uploads\/2026\/01\/20260117_1307226429892178118851465-1024x577.jpg\" alt=\"\" class=\"wp-image-4533\"\/><\/figure>\n<\/figure>\n\n\n\n<p>V sobotu se nejv\u00edce da\u0159ilo B\u00e1\u0159e Chr\u00e1stov\u00e9 v kategorii D20A, kter\u00e1 skon\u010dila t\u0159et\u00ed, \u0160imonu Junkovi v H17A, kter\u00fd skon\u010dil 7. V sobotu a v ned\u011bli pak skon\u010dil Petr Junek ml. druh\u00fd v H45B.<\/p>\n\n\n\n<p><strong>Sobota 17. ledna 2026 &#8211; \u010cesk\u00fd poh\u00e1r LOB &#8211; kr\u00e1tk\u00e1 tra\u0165 <\/strong><\/p>\n\n\n\n<p>Kategorie: D20A<br>1.Lichtenbergov\u00e1 Zuzana (USK Praha) 29:41<br>3.Chr\u00e1stov\u00e1 Barbora (SK Studenec) 32:08 (+ 2:27)<br>Celkem 7 z\u00e1vodn\u00edk\u016f.<\/p>\n\n\n\n<p>Kategorie: D21A<br>1.Sk\u00e1celov\u00e1 Katerina (Team Jizerky) 32:07<br>3.Chr\u00e1stov\u00e1 Magdal\u00e9na (SK Studenec) 37:36 (+ 5:29)<br>Celkem 5 z\u00e1vodn\u00edk\u016f.<\/p>\n\n\n\n<p>Kategorie: D45B<br>1.Maleckov\u00e1 Iva (USK Praha) 35:21<br>6.Junkov\u00e1 Petra (SK Studenec) 55:15 (+ 19:54)<br>Celkem 6 z\u00e1vodn\u00edk\u016f.<\/p>\n\n\n\n<p>Kategorie: H17A<br>1.Pen\u00e1z Jan (Sportovn\u00ed klub ve Vrbn\u011b pod Prad\u011bdem) 22:34<br>7.Junek \u0160imon (SK Studenec) 26:39 (+ 4:05)<br>Celkem 16 z\u00e1vodn\u00edk\u016f.<\/p>\n\n\n\n<p>Kategorie: H20A<br>1.Srb Vladim\u00edr (OK Lokomotiva Pardubice) 25:59<br>11.Bud\u00e1rek \u0160imon (SK Studenec) 30:17 (+ 4:18)<br>12.Junek Matou\u0161 (SK Studenec) 34:34 (+ 8:35)<br>Celkem 13 z\u00e1vodn\u00edk\u016f.<\/p>\n\n\n\n<p>Kategorie: H21A<br>1.Vodr\u00e1\u017eka Ondrej (KOS Slavia Plze\u0148) 25:00<br>7.Heczko Stanislav (SK Studenec) 40:02 (+ 15:02)<br>Celkem 7 z\u00e1vodn\u00edk\u016f.<\/p>\n\n\n\n<p>Kategorie: H45B<br>1.Ryp\u00e1cek Miroslav (SPORTICUS team) 27:48<br>2.Junek Petr (SK Studenec) 27:56 (+ 0:08)<br>4.Chr\u00e1st Tom\u00e1\u0161 (SK Studenec) 39:11 (+ 11:23)<br>Celkem 8 z\u00e1vodn\u00edk\u016f.<\/p>\n\n\n\n<div class=\"wp-block-columns is-layout-flex wp-container-4 wp-block-columns-is-layout-flex\">\n<div class=\"wp-block-column is-layout-flow wp-block-column-is-layout-flow\" style=\"flex-basis:100%\">\n<figure class=\"wp-block-image size-large\"><img decoding=\"async\" loading=\"lazy\" width=\"1024\" height=\"728\" src=\"http:\/\/skstudenec.cz\/wp-content\/uploads\/2026\/01\/20260118_20042447606850975374732-e1769347104488-1024x728.jpg\" alt=\"\" class=\"wp-image-4534\"\/><\/figure>\n<\/div>\n<\/div>\n\n\n\n<p><strong>Ned\u011ble 18. ledna 2026 &#8211; \u010cesk\u00fd poh\u00e1r LOB &#8211; kr\u00e1tk\u00e1 tra\u0165<\/strong> <\/p>\n\n\n\n<p>Kategorie: D20A<br>1.Hlav\u00e1cov\u00e1 Lucie (KOS TJ Tesla Brno) 30:37<br>Chr\u00e1stov\u00e1 Barbora (SK Studenec) DNS ()<br>Celkem 7 z\u00e1vodn\u00edk\u016f.<\/p>\n\n\n\n<p>Kategorie: D21A<br>1.Sk\u00e1celov\u00e1 Katerina (Team Jizerky) 31:56<br>3.Chr\u00e1stov\u00e1 Magdal\u00e9na (SK Studenec) 37:52 (+ 5:56)<br>Celkem 5 z\u00e1vodn\u00edk\u016f.<\/p>\n\n\n\n<p>Kategorie: D45B<br>1.Maleckov\u00e1 Iva (USK Praha) 31:16<br>Junkov\u00e1 Petra (SK Studenec) DISK ()<br>Celkem 5 z\u00e1vodn\u00edk\u016f.<\/p>\n\n\n\n<p>Kategorie: H17A<br>1.Kucera Jakub (USK Praha) 22:42<br>Junek \u0160imon (SK Studenec) DISK ()<br>Celkem 16 z\u00e1vodn\u00edk\u016f.<\/p>\n\n\n\n<p>Kategorie: H20A<br>1.Les\u00e1k Marek (OOB TJ Tatran Jablonec n. N.) 25:47<br>10.Junek Matou\u0161 (SK Studenec) 34:05 (+ 8:18)<br>11.Bud\u00e1rek \u0160imon (SK Studenec) 34:33 (+ 8:46)<br>Celkem 13 z\u00e1vodn\u00edk\u016f.<\/p>\n\n\n\n<p>Kategorie: H21A<br>1.Vodr\u00e1\u017eka Ondrej (KOS Slavia Plze\u0148) 22:20<br>4.Heczko Stanislav (SK Studenec) 33:41 (+ 11:21)<br>Celkem 7 z\u00e1vodn\u00edk\u016f.<\/p>\n\n\n\n<p>Kategorie: H45B<br>1.Ryp\u00e1cek Miroslav (SPORTICUS team) 26:30<br>2.Junek Petr (SK Studenec) 27:06 (+ 0:36)<br>5.Chr\u00e1st Tom\u00e1\u0161 (SK Studenec) 41:58 (+ 15:28)<br>Celkem 7 z\u00e1vodn\u00edk\u016f.<\/p>\n\n\n\n<figure class=\"wp-block-image size-large\"><img decoding=\"async\" loading=\"lazy\" width=\"1024\" height=\"731\" src=\"http:\/\/skstudenec.cz\/wp-content\/uploads\/2026\/01\/20260118_2003557303575731209588337-e1769347051259-1024x731.jpg\" alt=\"\" class=\"wp-image-4532\"\/><\/figure>\n","protected":false},"excerpt":{"rendered":"<p>Spole\u010dn\u00fd z\u00e1vod \u010cesk\u00e9ho a Rakousk\u00e9ho poh\u00e1ru v ly\u017ea\u0159sk\u00e9m orienta\u010dn\u00edm b\u011bhu prob\u011bhl v sobotu 17. a ned\u011bli 18. ledna v biatlonov\u00e9m are\u00e1lu Rosenau am Hengstpa\u00df v Horn\u00edch Rakous\u00edch.<span class=\"more-link\"><a href=\"http:\/\/skstudenec.cz\/index.php\/oos\/cesky-pohar-v-rakousku\/\">V\u00cdCE<\/a><\/span><\/p>\n","protected":false},"author":1,"featured_media":4537,"comment_status":"closed","ping_status":"closed","sticky":false,"template":"","format":"standard","meta":{"footnotes":""},"categories":[3],"tags":[],"_links":{"self":[{"href":"http:\/\/skstudenec.cz\/index.php\/wp-json\/wp\/v2\/posts\/4538"}],"collection":[{"href":"http:\/\/skstudenec.cz\/index.php\/wp-json\/wp\/v2\/posts"}],"about":[{"href":"http:\/\/skstudenec.cz\/index.php\/wp-json\/wp\/v2\/types\/post"}],"author":[{"embeddable":true,"href":"http:\/\/skstudenec.cz\/index.php\/wp-json\/wp\/v2\/users\/1"}],"replies":[{"embeddable":true,"href":"http:\/\/skstudenec.cz\/index.php\/wp-json\/wp\/v2\/comments?post=4538"}],"version-history":[{"count":4,"href":"http:\/\/skstudenec.cz\/index.php\/wp-json\/wp\/v2\/posts\/4538\/revisions"}],"predecessor-version":[{"id":4543,"href":"http:\/\/skstudenec.cz\/index.php\/wp-json\/wp\/v2\/posts\/4538\/revisions\/4543"}],"wp:featuredmedia":[{"embeddable":true,"href":"http:\/\/skstudenec.cz\/index.php\/wp-json\/wp\/v2\/media\/4537"}],"wp:attachment":[{"href":"http:\/\/skstudenec.cz\/index.php\/wp-json\/wp\/v2\/media?parent=4538"}],"wp:term":[{"taxonomy":"category","embeddable":true,"href":"http:\/\/skstudenec.cz\/index.php\/wp-json\/wp\/v2\/categories?post=4538"},{"taxonomy":"post_tag","embeddable":true,"href":"http:\/\/skstudenec.cz\/index.php\/wp-json\/wp\/v2\/tags?post=4538"}],"curies":[{"name":"wp","href":"https:\/\/api.w.org\/{rel}","templated":true}]}}