{"id":4547,"date":"2026-02-23T18:40:26","date_gmt":"2026-02-23T18:40:26","guid":{"rendered":"http:\/\/skstudenec.cz\/?p=4547"},"modified":"2026-02-23T18:40:26","modified_gmt":"2026-02-23T18:40:26","slug":"zaver-sezony-na-jahodove-louce","status":"publish","type":"post","link":"http:\/\/skstudenec.cz\/index.php\/oos\/zaver-sezony-na-jahodove-louce\/","title":{"rendered":"Z\u00e1v\u011br sez\u00f3ny na Jahodov\u00e9 louce"},"content":{"rendered":"\n<p>Posledn\u00ed z\u00e1vody sez\u00f3ny v ly\u017ea\u0159sk\u00e9m orienta\u010dn\u00edm b\u011bhu v roce 2026 se konaly 21. a 22. \u00fanora 2026 v are\u00e1lu Jahodov\u00e1 louka na Bo\u017e\u00edm Daru. Po\u0159adatel\u00e9 zva\u017eovali o v\u00edkendu p\u0159ed z\u00e1vody jejich zru\u0161en\u00ed kv\u016fli nedostatku sn\u011bhu, ale d\u00edky sn\u011b\u017een\u00ed v pond\u011bl\u00ed a \u00fater\u00fd t\u011bsn\u011b p\u0159ed z\u00e1vody se poda\u0159ilo uspo\u0159\u00e1dat dva ze t\u0159\u00ed pl\u00e1novan\u00fdch z\u00e1vod\u016f. Prob\u011bhlo tedy Mistrovstv\u00ed \u010cesk\u00e9 republiky \u0161tafet a Mistrovstv\u00ed \u010cesk\u00e9 republiky na kr\u00e1tk\u00e9 trati. Klub SK Studenec reprezentovali \u010dty\u0159i z\u00e1vodn\u00edci.<\/p>\n\n\n\n<!--more-->\n\n\n\n<p>Po\u0159adatel\u00e9 p\u0159ipravili po oba dny velmi hustou s\u00ed\u0165 stop v relativn\u011b ploch\u00e9m ter\u00e9nu, co\u017e vy\u017eadovalo velmi p\u0159esn\u00e9 mapov\u00e1n\u00ed. Pro dosa\u017een\u00ed dobr\u00e9ho v\u00fdsledku bylo nutn\u00e9 udr\u017eet koncentraci po cel\u00fd z\u00e1vod a nenechat se rozhodit p\u0159\u00edpadn\u00fdmi drobn\u00fdmi chybami, proto\u017ee je v&nbsp;tomto ter\u00e9nu d\u011blal ka\u017ed\u00fd.<\/p>\n\n\n\n<p><strong>Sobota 21. \u00fanora 2026 &#8211; M\u010cR v LOB \u0161tafet &#8211; Bo\u017e\u00ed Dar<\/strong><\/p>\n\n\n\n<p>Do mistrovstv\u00ed \u010cesk\u00e9 republiky \u0161tafet byla postavena jedna \u0161tafeta v kategorii dosp\u011bl\u00fdch. Prvn\u00ed \u00fasek rozjel velmi dob\u0159e junior \u0160imon Bu\u010f\u00e1rek, na druh\u00e9m \u00faseku bojoval dal\u0161\u00ed junior Matou\u0161 Junek a t\u0159et\u00ed \u00fasek absolvoval veter\u00e1n Petr Junek mlad\u0161\u00ed. Celkov\u011b \u0161tafeta obsadila p\u011bkn\u00e9 7. m\u00edsto.<\/p>\n\n\n\n<figure class=\"wp-block-gallery has-nested-images columns-default is-cropped wp-block-gallery-1 is-layout-flex wp-block-gallery-is-layout-flex\">\n<figure class=\"wp-block-image size-large\"><a href=\"http:\/\/skstudenec.cz\/wp-content\/uploads\/2026\/02\/20260221_1259363504602736547756069-e1771871756314.jpg\" target=\"_blank\" rel=\"noopener\"><img decoding=\"async\" loading=\"lazy\" width=\"1024\" height=\"577\" data-id=\"4551\" src=\"http:\/\/skstudenec.cz\/wp-content\/uploads\/2026\/02\/20260221_1259363504602736547756069-1024x577.jpg\" alt=\"\" class=\"wp-image-4551\"\/><\/a><\/figure>\n\n\n\n<figure class=\"wp-block-image size-large\"><a href=\"http:\/\/skstudenec.cz\/wp-content\/uploads\/2026\/02\/20260221_1325532473746616617686387-e1771871775291.jpg\" target=\"_blank\" rel=\"noopener\"><img decoding=\"async\" loading=\"lazy\" width=\"577\" height=\"1024\" data-id=\"4550\" src=\"http:\/\/skstudenec.cz\/wp-content\/uploads\/2026\/02\/20260221_1325532473746616617686387-577x1024.jpg\" alt=\"\" class=\"wp-image-4550\"\/><\/a><\/figure>\n\n\n\n<figure class=\"wp-block-image size-large\"><a href=\"http:\/\/skstudenec.cz\/wp-content\/uploads\/2026\/02\/20260221_1257493981611146547894864-e1771871788489.jpg\" target=\"_blank\" rel=\"noopener\"><img decoding=\"async\" loading=\"lazy\" width=\"1024\" height=\"577\" data-id=\"4549\" src=\"http:\/\/skstudenec.cz\/wp-content\/uploads\/2026\/02\/20260221_1257493981611146547894864-1024x577.jpg\" alt=\"\" class=\"wp-image-4549\"\/><\/a><\/figure>\n<\/figure>\n\n\n\n<p><strong>Ned\u011ble 22. \u00fanora 2026 &#8211; M\u010cR na st\u0159edn\u00ed trati LOB &#8211; Bo\u017e\u00ed Dar<\/strong><\/p>\n\n\n\n<p>V z\u00e1vod\u011b na kr\u00e1tk\u00e9 trati p\u0159edvedli p\u011bkn\u00e9 v\u00fdkony \u0160imon Bu\u010f\u00e1rek i Matou\u0161 Junek. \u0160imon skon\u010dil na 4. m\u00edst\u011b, Matou\u0161 na 6. m\u00edst\u011b v kategorii junior\u016f. Ve veter\u00e1nsk\u00e9 kategorii H45B zv\u00edt\u011bzil v t\u011bsn\u00e9m z\u00e1vod\u011b Petr Junek mlad\u0161\u00ed. Kry\u0161tof Junek bohu\u017eel nem\u011bl v \u010dipu v\u0161echny kontroly.<\/p>\n\n\n\n<p>Kategorie: H14A<br>1.Ryp\u00e1\u010dek Radim (SPORTICUS team) 29:35<br>Junek Kry\u0161tof (SK Studenec) DISK ()<br>Celkem 11 z\u00e1vodn\u00edk\u016f.<\/p>\n\n\n\n<p>Kategorie: H20<br>1.\u0160trait Vil\u00e9m (USK Praha) 34:14<br>4.Bu\u010f\u00e1rek \u0160imon (SK Studenec) 42:19 (+ 8:05)<br>6.Junek Matou\u0161 (SK Studenec) 45:32 (+ 11:18)<br>Celkem 19 z\u00e1vodn\u00edk\u016f.<\/p>\n\n\n\n<p>Kategorie: H45B<br>1.Junek Petr (SK Studenec) 30:04<br>Celkem 28 z\u00e1vodn\u00edk\u016f.<\/p>\n\n\n\n<figure class=\"wp-block-image size-large\"><img decoding=\"async\" loading=\"lazy\" width=\"768\" height=\"1024\" src=\"http:\/\/skstudenec.cz\/wp-content\/uploads\/2026\/02\/img-20260223-wa00025951098226737243410-768x1024.jpg\" alt=\"\" class=\"wp-image-4548\"\/><\/figure>\n","protected":false},"excerpt":{"rendered":"<p>Posledn\u00ed z\u00e1vody sez\u00f3ny v ly\u017ea\u0159sk\u00e9m orienta\u010dn\u00edm b\u011bhu v roce 2026 se konaly 21. a 22. \u00fanora 2026 v are\u00e1lu Jahodov\u00e1 louka na Bo\u017e\u00edm Daru. Po\u0159adatel\u00e9 zva\u017eovali o v\u00edkendu p\u0159ed z\u00e1vody jejich zru\u0161en\u00ed kv\u016fli nedostatku sn\u011bhu, ale d\u00edky sn\u011b\u017een\u00ed v pond\u011bl\u00ed a \u00fater\u00fd t\u011bsn\u011b p\u0159ed z\u00e1vody se poda\u0159ilo uspo\u0159\u00e1dat dva ze<span class=\"more-link\"><a href=\"http:\/\/skstudenec.cz\/index.php\/oos\/zaver-sezony-na-jahodove-louce\/\">V\u00cdCE<\/a><\/span><\/p>\n","protected":false},"author":1,"featured_media":4551,"comment_status":"closed","ping_status":"closed","sticky":false,"template":"","format":"standard","meta":{"footnotes":""},"categories":[3],"tags":[],"_links":{"self":[{"href":"http:\/\/skstudenec.cz\/index.php\/wp-json\/wp\/v2\/posts\/4547"}],"collection":[{"href":"http:\/\/skstudenec.cz\/index.php\/wp-json\/wp\/v2\/posts"}],"about":[{"href":"http:\/\/skstudenec.cz\/index.php\/wp-json\/wp\/v2\/types\/post"}],"author":[{"embeddable":true,"href":"http:\/\/skstudenec.cz\/index.php\/wp-json\/wp\/v2\/users\/1"}],"replies":[{"embeddable":true,"href":"http:\/\/skstudenec.cz\/index.php\/wp-json\/wp\/v2\/comments?post=4547"}],"version-history":[{"count":2,"href":"http:\/\/skstudenec.cz\/index.php\/wp-json\/wp\/v2\/posts\/4547\/revisions"}],"predecessor-version":[{"id":4553,"href":"http:\/\/skstudenec.cz\/index.php\/wp-json\/wp\/v2\/posts\/4547\/revisions\/4553"}],"wp:featuredmedia":[{"embeddable":true,"href":"http:\/\/skstudenec.cz\/index.php\/wp-json\/wp\/v2\/media\/4551"}],"wp:attachment":[{"href":"http:\/\/skstudenec.cz\/index.php\/wp-json\/wp\/v2\/media?parent=4547"}],"wp:term":[{"taxonomy":"category","embeddable":true,"href":"http:\/\/skstudenec.cz\/index.php\/wp-json\/wp\/v2\/categories?post=4547"},{"taxonomy":"post_tag","embeddable":true,"href":"http:\/\/skstudenec.cz\/index.php\/wp-json\/wp\/v2\/tags?post=4547"}],"curies":[{"name":"wp","href":"https:\/\/api.w.org\/{rel}","templated":true}]}}