{"id":723,"date":"2018-04-14T15:30:29","date_gmt":"2018-04-14T15:30:29","guid":{"rendered":"http:\/\/skstudenec.cz\/?p=723"},"modified":"2018-04-14T15:30:29","modified_gmt":"2018-04-14T15:30:29","slug":"mladsi-zaci-vstoupili-do-jarni-casti-krajskeho-preboru-vitezne","status":"publish","type":"post","link":"http:\/\/skstudenec.cz\/index.php\/fotbal\/mladsi-zaci-vstoupili-do-jarni-casti-krajskeho-preboru-vitezne\/","title":{"rendered":"Mlad\u0161\u00ed \u017e\u00e1ci vstoupili do jarn\u00ed \u010d\u00e1sti krajsk\u00e9ho p\u0159eboru v\u00edt\u011bzn\u011b!"},"content":{"rendered":"<p><strong>Studenec : Podje\u0161t\u011bd\u00ed \/ Hodkovice 4:3<\/strong><\/p>\n<p>Mlad\u0161\u00ed \u017e\u00e1ci p\u0159iv\u00edtali v\u00a0prvn\u00edm jarn\u00edm z\u00e1pase t\u00fdm Podje\u0161t\u011bd\u00ed \/ Hodkovice, kter\u00fd je tvo\u0159en \u010d\u00e1ste\u010dn\u011b z\u00a0hr\u00e1\u010d\u016f jabloneck\u00e9 rezervy. V\u011bt\u0161ina hr\u00e1\u010d\u016f soupe\u0159ova t\u00fdmu m\u011bla \u201e v\u00a0noh\u00e1ch\u201c p\u0159ede\u0161l\u00e9 utk\u00e1n\u00ed star\u0161\u00edch \u017e\u00e1k\u016f. Na pohybu soupe\u0159e to bylo zn\u00e1t. Studene\u010dt\u00ed hr\u00e1\u010di soupe\u0159e p\u0159ehr\u00e1vali a po brank\u00e1ch Romana Hub\u00e1lovsk\u00e9ho a Daniela Me\u010d\u00ed\u0159e se ujali dvoubrankov\u00e9ho veden\u00ed. V\u00a0druh\u00e9 \u010d\u00e1sti prvn\u00edho polo\u010dasu se v\u0161ak host\u00e9 dvakr\u00e1t prosadili st\u0159elami z\u00a0d\u00e1lky a do kabin se tedy odch\u00e1zelo za stavu 2:2. Druh\u00fd polo\u010das za\u010dal op\u011bt tlakem dom\u00e1c\u00edch, kte\u0159\u00ed se z\u00e1sluhou Davida Bacht\u00edka ujali veden\u00ed 3:2. N\u00e1sledn\u011b kluci p\u0159idali i \u010dtvrt\u00fd g\u00f3l. Host\u00e9 do konce z\u00e1pasu sta\u010dili ji\u017e pouze sn\u00ed\u017eit. Pochvalu zaslou\u017e\u00ed cel\u00e9 mu\u017estvo. V\u00a0obran\u011b zahr\u00e1ly v\u00fdborn\u011b ob\u011b stoperky: Petra Pokorn\u00e1 a Mark\u00e9ta \u0160tefanov\u00e1. Neb\u00fdt v\u00fdborn\u00e9ho v\u00fdkonu hostuj\u00edc\u00edho brank\u00e1\u0159e mohlo b\u00fdt v\u00edt\u011bzstv\u00ed je\u0161t\u011b vy\u0161\u0161\u00ed.<\/p>\n<p>Pavel Me\u010d\u00ed\u0159, tren\u00e9r<\/p>\n","protected":false},"excerpt":{"rendered":"<p>Studenec : Podje\u0161t\u011bd\u00ed \/ Hodkovice 4:3 Mlad\u0161\u00ed \u017e\u00e1ci p\u0159iv\u00edtali v\u00a0prvn\u00edm jarn\u00edm z\u00e1pase t\u00fdm Podje\u0161t\u011bd\u00ed \/ Hodkovice, kter\u00fd je tvo\u0159en \u010d\u00e1ste\u010dn\u011b z\u00a0hr\u00e1\u010d\u016f jabloneck\u00e9 rezervy. V\u011bt\u0161ina hr\u00e1\u010d\u016f soupe\u0159ova t\u00fdmu m\u011bla \u201e v\u00a0noh\u00e1ch\u201c p\u0159ede\u0161l\u00e9 utk\u00e1n\u00ed star\u0161\u00edch \u017e\u00e1k\u016f. Na pohybu soupe\u0159e to bylo zn\u00e1t. Studene\u010dt\u00ed hr\u00e1\u010di soupe\u0159e p\u0159ehr\u00e1vali a po brank\u00e1ch Romana Hub\u00e1lovsk\u00e9ho a<span class=\"more-link\"><a href=\"http:\/\/skstudenec.cz\/index.php\/fotbal\/mladsi-zaci-vstoupili-do-jarni-casti-krajskeho-preboru-vitezne\/\">V\u00cdCE<\/a><\/span><\/p>\n","protected":false},"author":5,"featured_media":0,"comment_status":"closed","ping_status":"open","sticky":false,"template":"","format":"standard","meta":{"footnotes":""},"categories":[4,14],"tags":[],"_links":{"self":[{"href":"http:\/\/skstudenec.cz\/index.php\/wp-json\/wp\/v2\/posts\/723"}],"collection":[{"href":"http:\/\/skstudenec.cz\/index.php\/wp-json\/wp\/v2\/posts"}],"about":[{"href":"http:\/\/skstudenec.cz\/index.php\/wp-json\/wp\/v2\/types\/post"}],"author":[{"embeddable":true,"href":"http:\/\/skstudenec.cz\/index.php\/wp-json\/wp\/v2\/users\/5"}],"replies":[{"embeddable":true,"href":"http:\/\/skstudenec.cz\/index.php\/wp-json\/wp\/v2\/comments?post=723"}],"version-history":[{"count":1,"href":"http:\/\/skstudenec.cz\/index.php\/wp-json\/wp\/v2\/posts\/723\/revisions"}],"predecessor-version":[{"id":724,"href":"http:\/\/skstudenec.cz\/index.php\/wp-json\/wp\/v2\/posts\/723\/revisions\/724"}],"wp:attachment":[{"href":"http:\/\/skstudenec.cz\/index.php\/wp-json\/wp\/v2\/media?parent=723"}],"wp:term":[{"taxonomy":"category","embeddable":true,"href":"http:\/\/skstudenec.cz\/index.php\/wp-json\/wp\/v2\/categories?post=723"},{"taxonomy":"post_tag","embeddable":true,"href":"http:\/\/skstudenec.cz\/index.php\/wp-json\/wp\/v2\/tags?post=723"}],"curies":[{"name":"wp","href":"https:\/\/api.w.org\/{rel}","templated":true}]}}