{"id":797,"date":"2018-05-05T20:00:19","date_gmt":"2018-05-05T20:00:19","guid":{"rendered":"http:\/\/skstudenec.cz\/?p=797"},"modified":"2018-05-05T21:48:37","modified_gmt":"2018-05-05T21:48:37","slug":"vysoka-prohra-mladsich-zaku-se-souperem-ze-semil-a-vyhra-s-jabloncem-n-n","status":"publish","type":"post","link":"http:\/\/skstudenec.cz\/index.php\/fotbal\/vysoka-prohra-mladsich-zaku-se-souperem-ze-semil-a-vyhra-s-jabloncem-n-n\/","title":{"rendered":"Vysok\u00e1 prohra mlad\u0161\u00edch \u017e\u00e1k\u016f se soupe\u0159em ze Semil a v\u00fdhra s Jabloncem n. N."},"content":{"rendered":"<p><strong>Semily : Studenec 8:2.<\/strong><\/p>\n<p>Proti Semil\u016fm jsme nastoupili v\u00a0m\u00edrn\u011b oslaben\u00e9 sestav\u011b. Nepoda\u0159il se n\u00e1m zachytit \u00favod z\u00e1pasu a dom\u00e1c\u00ed brzy vedli 3:0. V\u0161echny branky padly \u201ejako p\u0159es kop\u00edr\u00e1k\u201c \u2013 pr\u016fnik po k\u0159\u00eddle a zp\u011btn\u00e1 nahr\u00e1vka p\u0159ed br\u00e1nu na nab\u00edhaj\u00edc\u00ed hr\u00e1\u010de. Do polo\u010dasu dom\u00e1c\u00ed p\u0159idali je\u0161t\u011b dal\u0161\u00ed 2 branky. Ve druh\u00e9m polo\u010dase se na\u0161i hr\u00e1\u010di zlep\u0161ili a po p\u011bkn\u00fdch brank\u00e1ch Patrika Efenberka (hlavou po rohou) a Daniela Me\u010d\u00ed\u0159e (st\u0159elou z\u00a0d\u00e1lky) sn\u00ed\u017eili na 5:2. Dom\u00e1c\u00ed v\u0161ak po p\u011bkn\u00fdch kombinac\u00edch p\u0159idali dal\u0161\u00ed 3 branky a zaslou\u017een\u011b zv\u00edt\u011bzili.<\/p>\n<p><strong>Jablonec n. N. : Studenec 1:2.<\/strong><\/p>\n<p>Na prvn\u00ed m\u00e1j jsme odehr\u00e1li utk\u00e1n\u00ed s\u00a0Jabloncem, kter\u00fd m\u00e1 v\u00a0krajsk\u00e9m p\u0159eboru mlad\u0161\u00ed t\u00fdm (ro\u010dn\u00edk 2007 \u2013 star\u0161\u00ed p\u0159\u00edpravka). Jablonec p\u0159ijel m\u00edrn\u011b pos\u00edlen\u00fd (4 hr\u00e1\u010di ro\u010dn\u00edk 2006), my jsme m\u011bli velk\u00e9 probl\u00e9my se sestavou (n\u011bkolik omluvenek a\u017e ve\u010der p\u0159ed z\u00e1pasem!) a nakonec jsme odjeli i se 3 hr\u00e1\u010di star\u0161\u00ed p\u0159\u00edpravky. V\u0161ichni 3 (Kuba Hu\u0159\u0165\u00e1k, Samuel Me\u010d\u00ed\u0159 a Vojta Trejbal) zahr\u00e1li v\u00fdborn\u011b a nasb\u00edrali cenn\u00e9 zku\u0161enosti. Po vyrovnan\u00e9m bezbrankov\u00e9m polo\u010dase na\u0161i hr\u00e1\u010di vystup\u0148ovali tlak a po brank\u00e1ch Daniela Me\u010d\u00ed\u0159e a Romana Hub\u00e1lovsk\u00e9ho jsme zv\u00edt\u011bzili 2:1. V\u00fdborn\u00fd v\u00fdkon v\u00a0brance p\u0159edvedl Patrik Efenberk.<\/p>\n","protected":false},"excerpt":{"rendered":"<p>Semily : Studenec 8:2. Proti Semil\u016fm jsme nastoupili v\u00a0m\u00edrn\u011b oslaben\u00e9 sestav\u011b. Nepoda\u0159il se n\u00e1m zachytit \u00favod z\u00e1pasu a dom\u00e1c\u00ed brzy vedli 3:0. V\u0161echny branky padly \u201ejako p\u0159es kop\u00edr\u00e1k\u201c \u2013 pr\u016fnik po k\u0159\u00eddle a zp\u011btn\u00e1 nahr\u00e1vka p\u0159ed br\u00e1nu na nab\u00edhaj\u00edc\u00ed hr\u00e1\u010de. Do polo\u010dasu dom\u00e1c\u00ed p\u0159idali je\u0161t\u011b dal\u0161\u00ed 2 branky. Ve druh\u00e9m<span class=\"more-link\"><a href=\"http:\/\/skstudenec.cz\/index.php\/fotbal\/vysoka-prohra-mladsich-zaku-se-souperem-ze-semil-a-vyhra-s-jabloncem-n-n\/\">V\u00cdCE<\/a><\/span><\/p>\n","protected":false},"author":5,"featured_media":0,"comment_status":"closed","ping_status":"open","sticky":false,"template":"","format":"standard","meta":{"footnotes":""},"categories":[4,14],"tags":[],"_links":{"self":[{"href":"http:\/\/skstudenec.cz\/index.php\/wp-json\/wp\/v2\/posts\/797"}],"collection":[{"href":"http:\/\/skstudenec.cz\/index.php\/wp-json\/wp\/v2\/posts"}],"about":[{"href":"http:\/\/skstudenec.cz\/index.php\/wp-json\/wp\/v2\/types\/post"}],"author":[{"embeddable":true,"href":"http:\/\/skstudenec.cz\/index.php\/wp-json\/wp\/v2\/users\/5"}],"replies":[{"embeddable":true,"href":"http:\/\/skstudenec.cz\/index.php\/wp-json\/wp\/v2\/comments?post=797"}],"version-history":[{"count":2,"href":"http:\/\/skstudenec.cz\/index.php\/wp-json\/wp\/v2\/posts\/797\/revisions"}],"predecessor-version":[{"id":799,"href":"http:\/\/skstudenec.cz\/index.php\/wp-json\/wp\/v2\/posts\/797\/revisions\/799"}],"wp:attachment":[{"href":"http:\/\/skstudenec.cz\/index.php\/wp-json\/wp\/v2\/media?parent=797"}],"wp:term":[{"taxonomy":"category","embeddable":true,"href":"http:\/\/skstudenec.cz\/index.php\/wp-json\/wp\/v2\/categories?post=797"},{"taxonomy":"post_tag","embeddable":true,"href":"http:\/\/skstudenec.cz\/index.php\/wp-json\/wp\/v2\/tags?post=797"}],"curies":[{"name":"wp","href":"https:\/\/api.w.org\/{rel}","templated":true}]}}