{"id":930,"date":"2018-06-27T21:38:48","date_gmt":"2018-06-27T21:38:48","guid":{"rendered":"http:\/\/skstudenec.cz\/?p=930"},"modified":"2018-06-27T21:38:48","modified_gmt":"2018-06-27T21:38:48","slug":"mladsi-zaci-zhodnoceni-sezony","status":"publish","type":"post","link":"http:\/\/skstudenec.cz\/index.php\/fotbal\/mladsi-zaci-zhodnoceni-sezony\/","title":{"rendered":"Mlad\u0161\u00ed \u017e\u00e1ci \u2013 zhodnocen\u00ed sez\u00f3ny"},"content":{"rendered":"<p>Sez\u00f3na 2017\/2018 je nen\u00e1vratn\u011b za n\u00e1mi, a tak je ten spr\u00e1vn\u00fd \u010das bilancovat. Mlad\u0161\u00ed \u017e\u00e1ci ukon\u010dili sv\u00e9 p\u016fsoben\u00ed v\u00a0krajsk\u00e9m p\u0159eboru kategorie U13 na 6. m\u00edst\u011b z\u00a012 t\u00fdm\u016f! (stejn\u00e9 um\u00edst\u011bn\u00ed z\u00edskali i star\u0161\u00ed \u017e\u00e1ci.) Po nev\u00fdrazn\u00fdch v\u00fdkonech v\u00a0podzimn\u00ed \u010d\u00e1sti (byli jsme a\u017e na 10. m\u00edst\u011b) se mlad\u0161\u00ed \u017e\u00e1ci v\u00fdrazn\u00fdm zlep\u0161en\u00edm v\u00a0jarn\u00ed \u010d\u00e1sti posunuli tabulkou v\u00fd\u0161e. V\u00fdrazn\u00e9 zlep\u0161en\u00ed hern\u00edch \u010dinnost\u00ed bylo zn\u00e1t zejm\u00e9na u hr\u00e1\u010d\u016f, kte\u0159\u00ed tr\u00e9novali i mimo ofici\u00e1ln\u00ed tr\u00e9ninky na\u0161eho t\u00fdmu (tr\u00e9ninky v\u00a0Jablonci, tr\u00e9ninky v\u00a0r\u00e1mci jin\u00fdch sport\u016f \u2013 atletika, ly\u017eov\u00e1n\u00ed atd.). S\u00a0p\u0159echodem na v\u011bt\u0161\u00ed h\u0159i\u0161t\u011b p\u0159ib\u00fdvaj\u00ed i n\u00e1roky na fyzickou p\u0159ipravenost hr\u00e1\u010d\u016f.<\/p>\n<p>Hr\u00e1\u010d\u016fm ro\u010dn\u00edku 2005 p\u0159ejeme hodn\u011b \u00fasp\u011bch\u016f v\u00a0krajsk\u00e9m p\u0159eboru star\u0161\u00edch \u017e\u00e1k\u016f U15 a hr\u00e1\u010d\u016fm ro\u010dn\u00edku 2006 stejn\u011b \u00fasp\u011b\u0161nou sez\u00f3nu za mlad\u0161\u00ed \u017e\u00e1ky v\u00a0p\u0159\u00ed\u0161t\u00ed sez\u00f3n\u011b!<\/p>\n<table>\n<tbody>\n<tr>\n<td><strong>Rk.<\/strong><\/td>\n<td><strong>Dru\u017estvo<\/strong><\/td>\n<td><strong>Z\u00e1p.<\/strong><\/td>\n<td><strong>+<\/strong><\/td>\n<td><strong>0<\/strong><\/td>\n<td><strong>&#8211;<\/strong><\/td>\n<td><strong>Sk\u00f3re<\/strong><\/td>\n<td><strong>Body<\/strong><\/td>\n<\/tr>\n<tr>\n<td>1<\/td>\n<td>T\u011blov\u00fdchovn\u00e1 jednota Sokol Ruprechtice, z.s.<\/td>\n<td>22<\/td>\n<td>19<\/td>\n<td>0<\/td>\n<td>3<\/td>\n<td>154:35<\/td>\n<td>57<\/td>\n<\/tr>\n<tr>\n<td>2<\/td>\n<td>FC Nov\u00fd Bor, z.s.<\/td>\n<td>22<\/td>\n<td>18<\/td>\n<td>1<\/td>\n<td>3<\/td>\n<td>131:36<\/td>\n<td>55<\/td>\n<\/tr>\n<tr>\n<td>3<\/td>\n<td>ARSENAL \u010cESK\u00c1 L\u00cdPA s.r.o.<\/td>\n<td>22<\/td>\n<td>15<\/td>\n<td>3<\/td>\n<td>4<\/td>\n<td>146:54<\/td>\n<td>48<\/td>\n<\/tr>\n<tr>\n<td>4<\/td>\n<td>SK Semily, z.s.<\/td>\n<td>22<\/td>\n<td>13<\/td>\n<td>3<\/td>\n<td>6<\/td>\n<td>121:78<\/td>\n<td>42<\/td>\n<\/tr>\n<tr>\n<td>5<\/td>\n<td>Sportovn\u00ed klub VTJ RAPID Liberec<\/td>\n<td>22<\/td>\n<td>13<\/td>\n<td>2<\/td>\n<td>7<\/td>\n<td>113:99<\/td>\n<td>41<\/td>\n<\/tr>\n<tr>\n<td><strong>6<\/strong><\/td>\n<td><strong>Sportovn\u00ed klub Studenec, z.s.<\/strong><\/td>\n<td><strong>22<\/strong><\/td>\n<td><strong>11<\/strong><\/td>\n<td><strong>0<\/strong><\/td>\n<td><strong>11<\/strong><\/td>\n<td><strong>84:108<\/strong><\/td>\n<td><strong>33<\/strong><\/td>\n<\/tr>\n<tr>\n<td>7<\/td>\n<td>TJ Desn\u00e1, z.s.<\/td>\n<td>22<\/td>\n<td>9<\/td>\n<td>1<\/td>\n<td>12<\/td>\n<td>77:101<\/td>\n<td>28<\/td>\n<\/tr>\n<tr>\n<td>8<\/td>\n<td>Podje\u0161t\u011bd\u00ed \/ Hodkovice<\/td>\n<td>22<\/td>\n<td>8<\/td>\n<td>2<\/td>\n<td>12<\/td>\n<td>56:100<\/td>\n<td>26<\/td>\n<\/tr>\n<tr>\n<td>9<\/td>\n<td>FK Turnov z.s.<\/td>\n<td>22<\/td>\n<td>6<\/td>\n<td>1<\/td>\n<td>15<\/td>\n<td>85:100<\/td>\n<td>19<\/td>\n<\/tr>\n<tr>\n<td>10<\/td>\n<td>Fotbalov\u00fd Klub Jablonec, a.s.<\/td>\n<td>22<\/td>\n<td>6<\/td>\n<td>1<\/td>\n<td>15<\/td>\n<td>71:138<\/td>\n<td>19<\/td>\n<\/tr>\n<tr>\n<td>11<\/td>\n<td>&#8222;Ob\u010dansk\u00e9 sdru\u017een\u00ed FK Sedmihorky&#8220;<\/td>\n<td>22<\/td>\n<td>5<\/td>\n<td>2<\/td>\n<td>15<\/td>\n<td>75:123<\/td>\n<td>17<\/td>\n<\/tr>\n<tr>\n<td>12<\/td>\n<td>Jilemnice\/Roztoky<\/td>\n<td>22<\/td>\n<td>1<\/td>\n<td>0<\/td>\n<td>21<\/td>\n<td>23:164<\/td>\n<td>3<\/td>\n<\/tr>\n<\/tbody>\n<\/table>\n<p>&nbsp;<\/p>\n<p>&nbsp;<\/p>\n<p>Pavel Me\u010d\u00ed\u0159, Lubo\u0161 \u0160tefan, tren\u00e9\u0159i<\/p>\n\n\t\t\t<div id=\"930-1\" class=\"gallery gallery-930 gallery-col-3 gallery-columns-3 gallery-size-thumbnail\" itemscope itemtype=\"https:\/\/schema.org\/ImageGallery\">\n\t\t\t\t\t<figure class='gallery-item col-3' itemprop='associatedMedia' itemscope itemtype='https:\/\/schema.org\/ImageObject'>\n\t\t\t\t\t\t<div class='gallery-icon landscape'><a href='http:\/\/skstudenec.cz\/index.php\/fotbal\/mladsi-zaci-zhodnoceni-sezony\/attachment\/img_9994\/' itemprop=\"contentURL\"><img width=\"150\" height=\"150\" src=\"http:\/\/skstudenec.cz\/wp-content\/uploads\/2018\/06\/IMG_9994-150x150.jpg\" class=\"attachment-thumbnail size-thumbnail\" alt=\"\" decoding=\"async\" loading=\"lazy\" itemprop=\"thumbnail\" \/><\/a><\/div>\n\t\t\t\t\t<\/figure>\n\t\t\t<\/div><!-- .gallery -->\n\n<p>&nbsp;<\/p>\n","protected":false},"excerpt":{"rendered":"<p>Sez\u00f3na 2017\/2018 je nen\u00e1vratn\u011b za n\u00e1mi, a tak je ten spr\u00e1vn\u00fd \u010das bilancovat. Mlad\u0161\u00ed \u017e\u00e1ci ukon\u010dili sv\u00e9 p\u016fsoben\u00ed v\u00a0krajsk\u00e9m p\u0159eboru kategorie U13 na 6. m\u00edst\u011b z\u00a012 t\u00fdm\u016f! (stejn\u00e9 um\u00edst\u011bn\u00ed z\u00edskali i star\u0161\u00ed \u017e\u00e1ci.) Po nev\u00fdrazn\u00fdch v\u00fdkonech v\u00a0podzimn\u00ed \u010d\u00e1sti (byli jsme a\u017e na 10. m\u00edst\u011b) se mlad\u0161\u00ed \u017e\u00e1ci v\u00fdrazn\u00fdm zlep\u0161en\u00edm v\u00a0jarn\u00ed<span class=\"more-link\"><a href=\"http:\/\/skstudenec.cz\/index.php\/fotbal\/mladsi-zaci-zhodnoceni-sezony\/\">V\u00cdCE<\/a><\/span><\/p>\n","protected":false},"author":5,"featured_media":931,"comment_status":"closed","ping_status":"open","sticky":false,"template":"","format":"standard","meta":{"footnotes":""},"categories":[4,14],"tags":[],"_links":{"self":[{"href":"http:\/\/skstudenec.cz\/index.php\/wp-json\/wp\/v2\/posts\/930"}],"collection":[{"href":"http:\/\/skstudenec.cz\/index.php\/wp-json\/wp\/v2\/posts"}],"about":[{"href":"http:\/\/skstudenec.cz\/index.php\/wp-json\/wp\/v2\/types\/post"}],"author":[{"embeddable":true,"href":"http:\/\/skstudenec.cz\/index.php\/wp-json\/wp\/v2\/users\/5"}],"replies":[{"embeddable":true,"href":"http:\/\/skstudenec.cz\/index.php\/wp-json\/wp\/v2\/comments?post=930"}],"version-history":[{"count":2,"href":"http:\/\/skstudenec.cz\/index.php\/wp-json\/wp\/v2\/posts\/930\/revisions"}],"predecessor-version":[{"id":934,"href":"http:\/\/skstudenec.cz\/index.php\/wp-json\/wp\/v2\/posts\/930\/revisions\/934"}],"wp:featuredmedia":[{"embeddable":true,"href":"http:\/\/skstudenec.cz\/index.php\/wp-json\/wp\/v2\/media\/931"}],"wp:attachment":[{"href":"http:\/\/skstudenec.cz\/index.php\/wp-json\/wp\/v2\/media?parent=930"}],"wp:term":[{"taxonomy":"category","embeddable":true,"href":"http:\/\/skstudenec.cz\/index.php\/wp-json\/wp\/v2\/categories?post=930"},{"taxonomy":"post_tag","embeddable":true,"href":"http:\/\/skstudenec.cz\/index.php\/wp-json\/wp\/v2\/tags?post=930"}],"curies":[{"name":"wp","href":"https:\/\/api.w.org\/{rel}","templated":true}]}}